{"id":1001754,"date":"2025-07-08T06:59:38","date_gmt":"2025-07-08T05:59:38","guid":{"rendered":"https:\/\/www.hcb.net\/?p=1001754"},"modified":"2025-07-08T06:59:38","modified_gmt":"2025-07-08T05:59:38","slug":"vertragsverlaengerung-mit-den-foxes-fuer-michele-marchetti","status":"publish","type":"post","link":"https:\/\/www.hcb.net\/de\/vertragsverlaengerung-mit-den-foxes-fuer-michele-marchetti\/","title":{"rendered":"Vertragsverl\u00e4ngerung mit den Foxes f\u00fcr Michele Marchetti"},"content":{"rendered":"<p>Der HCB S\u00fcdtirol Alperia gibt offiziell bekannt, dass eine Einigung \u00fcber die Vertragsverl\u00e4ngerung mit dem italienischen St\u00fcrmer Michele Marchetti f\u00fcr die Saison 2025\/26 erzielt wurde. F\u00fcr den 30-J\u00e4hrigen wird es die vierte Saison im wei\u00df-roten Trikot sein \u2013 die zweite in Folge nach seinem ersten Engagement von 2016 bis 2018.<\/p>\n<p>Marchetti ist ein robuster, k\u00f6rperlich starker St\u00fcrmer mit einem hervorragenden Schuss: Das hat er auch in der vergangenen Saison bewiesen, in der er \u2013 obwohl er nicht immer regelm\u00e4\u00dfig Eiszeit bekam \u2013 7 Tore erzielen konnte. Auch in der kommenden Spielzeit ist \u201eMike\u201c bereit, die Farben des HCB zu verteidigen.<\/p>\n<p>\u201eEs ist immer etwas Besonderes, in Bozen zu spielen, vor einem unbeschreiblichen Publikum\u201c, erkl\u00e4rt er. \u201eIch bin gl\u00fccklich, dieses Trikot weiterhin tragen zu d\u00fcrfen und alles zu geben, um die Saisonziele zu erreichen. Die Erwartungen sind hoch und der Kader ist wettbewerbsf\u00e4hig \u2013 wir haben alles, was es braucht, um erfolgreich zu sein. Ich bin motiviert und bereit, 110 % zu geben, und kann es kaum erwarten, wieder aufs Eis der Sparkasse Arena zur\u00fcckzukehren.\u201c<\/p>\n<p><strong>Karriere<br \/>\n<\/strong>Ausgebildet im Nachwuchs seines Heimatvereins Fassa, gab Marchetti (188 cm, 92 kg) im Alter von 17 Jahren in der Saison 2011\/12 sein Deb\u00fct in der ersten Mannschaft und erzielte am 17. Dezember 2011 gegen Pontebba sein erstes Tor in der Serie A. 2013\/14 zog es ihn in die USA, wo er in der North American Hockey League (NAHL) f\u00fcr die Brookings Blizzard spielte. Danach kehrte er nach Italien zur\u00fcck und spielte zwei weitere Jahre f\u00fcr Fassa, bevor er 2016 zum HCB in die EBEL wechselte. In 112 Spielen f\u00fcr die Wei\u00df-Roten verbuchte er 6 Tore und 7 Assists und gewann mit den Foxes die Karl Nedwed Trophy. 2018 wechselte er nach Asiago, das bis 2024 \u2013 mit Ausnahme der Saison 2019\/20 (erneut bei Fassa) \u2013 sein sportliches Zuhause blieb. In insgesamt 249 Spielen f\u00fcr Asiago (in AlpsHL, ICEHL, IHL Serie A, Continental Cup und Supercoppa Italiana) sammelte er 188 Punkte (91 Tore, 97 Assists) und gewann eine AlpsHL, zwei Meistertitel und drei italienische Supercups. Die Saison 2023\/24 war seine punktbeste ICEHL-Saison: In 45 Spielen erzielte er 15 Tore und 11 Assists und war damit der punktbeste Italiener im Team. Seit 2014 geh\u00f6rt Marchetti au\u00dferdem zum erweiterten Kreis der italienischen Nationalmannschaft. F\u00fcr die \u201eAzzurri\u201c absolvierte er bislang 88 Spiele und erzielte 29 Punkte. Zu seinen Eins\u00e4tzen z\u00e4hlen eine Top Division-Weltmeisterschaft \u2013 bei dem er am 13. Mai 2017 sein erstes offizielles L\u00e4nderspieltor gegen Gastgeber Deutschland erzielte \u2013 sowie zwei Division I Gruppe A-Weltmeisterschaften.<\/p>\n<p>Weitere Informationen \u00fcber Michele Marchetti: <a href=\"https:\/\/www.eliteprospects.com\/player\/151303\/michele-marchetti\">https:\/\/www.eliteprospects.com\/player\/151303\/michele-marchetti<\/a><\/p>\n","protected":false},"excerpt":{"rendered":"<p>Der HCB S\u00fcdtirol Alperia gibt offiziell bekannt, dass eine Einigung \u00fcber die Vertragsverl\u00e4ngerung mit dem italienischen St\u00fcrmer Michele Marchetti f\u00fcr die Saison 2025\/26 erzielt wurde. F\u00fcr den 30-J\u00e4hrigen wird es die vierte Saison im wei\u00df-roten Trikot sein \u2013 die zweite in Folge nach seinem ersten Engagement von 2016 bis 2018. Marchetti ist ein robuster, k\u00f6rperlich [&hellip;]<\/p>\n","protected":false},"author":5,"featured_media":1001752,"comment_status":"closed","ping_status":"closed","sticky":false,"template":"","format":"standard","meta":{"_acf_changed":false,"footnotes":""},"categories":[9],"tags":[],"class_list":["post-1001754","post","type-post","status-publish","format-standard","has-post-thumbnail","hentry","category-news-team"],"acf":[],"_links":{"self":[{"href":"https:\/\/www.hcb.net\/de\/wp-json\/wp\/v2\/posts\/1001754","targetHints":{"allow":["GET"]}}],"collection":[{"href":"https:\/\/www.hcb.net\/de\/wp-json\/wp\/v2\/posts"}],"about":[{"href":"https:\/\/www.hcb.net\/de\/wp-json\/wp\/v2\/types\/post"}],"author":[{"embeddable":true,"href":"https:\/\/www.hcb.net\/de\/wp-json\/wp\/v2\/users\/5"}],"replies":[{"embeddable":true,"href":"https:\/\/www.hcb.net\/de\/wp-json\/wp\/v2\/comments?post=1001754"}],"version-history":[{"count":1,"href":"https:\/\/www.hcb.net\/de\/wp-json\/wp\/v2\/posts\/1001754\/revisions"}],"predecessor-version":[{"id":1001755,"href":"https:\/\/www.hcb.net\/de\/wp-json\/wp\/v2\/posts\/1001754\/revisions\/1001755"}],"wp:featuredmedia":[{"embeddable":true,"href":"https:\/\/www.hcb.net\/de\/wp-json\/wp\/v2\/media\/1001752"}],"wp:attachment":[{"href":"https:\/\/www.hcb.net\/de\/wp-json\/wp\/v2\/media?parent=1001754"}],"wp:term":[{"taxonomy":"category","embeddable":true,"href":"https:\/\/www.hcb.net\/de\/wp-json\/wp\/v2\/categories?post=1001754"},{"taxonomy":"post_tag","embeddable":true,"href":"https:\/\/www.hcb.net\/de\/wp-json\/wp\/v2\/tags?post=1001754"}],"curies":[{"name":"wp","href":"https:\/\/api.w.org\/{rel}","templated":true}]}}