{"id":1018368,"date":"2025-07-22T06:59:39","date_gmt":"2025-07-22T05:59:39","guid":{"rendered":"https:\/\/www.hcb.net\/?p=1018368"},"modified":"2025-07-22T06:59:39","modified_gmt":"2025-07-22T05:59:39","slug":"junges-defensivtalent-fuer-den-hcb-enrico-larcher-kommt-nach-bozen","status":"publish","type":"post","link":"https:\/\/www.hcb.net\/de\/junges-defensivtalent-fuer-den-hcb-enrico-larcher-kommt-nach-bozen\/","title":{"rendered":"Junges Defensivtalent f\u00fcr den HCB \u2013 Enrico Larcher kommt nach Bozen"},"content":{"rendered":"<p>Der HCB S\u00fcdtirol Alperia gibt offiziell bekannt, dass eine Einigung \u00fcber die Verpflichtung des U20-Nationalverteidigers Enrico Larcher f\u00fcr die Saison 2025\/26 erzielt wurde. Der 21-J\u00e4hrige erh\u00e4lt einen \u201eTwo-Way\u201c-Vertrag mit dem HC Meran und wird damit seine erste Erfahrung in der ICEHL sammeln, nachdem er zuvor bei Cortina in der Alps Hockey League ausgebildet wurde. Larcher, ein solider und disziplinierter Rechtssch\u00fctze in der Verteidigung, wird in Bozen seine sportliche Entwicklung fortsetzen k\u00f6nnen \u2013 mit Training und Eins\u00e4tzen bei den Foxes, w\u00e4hrend er gleichzeitig weiterhin Spiele in der AlpsHL f\u00fcr die \u201eAdler\u201c absolvieren kann.<\/p>\n<p>\u201eNach Bozen zu kommen, ist f\u00fcr mich eine einmalige Chance\u201c, erkl\u00e4rt Larcher. \u201eDas Trikot des HCB zu tragen und Teil eines Clubs und einer Stadt zu sein, die Eishockey so intensiv lebt, erf\u00fcllt mich mit Stolz und einem gro\u00dfen Verantwortungsbewusstsein. Die Ambitionen des HCB sind bekannt \u2013 mein Ziel ist es, das Team auf jede nur m\u00f6gliche Weise zu unterst\u00fctzen, um gro\u00dfe Erfolge zu erreichen. Ich war bereits mehrfach in der Sparkasse Arena \u2013 die Atmosph\u00e4re mit den Fans ist gro\u00dfartig. Ich kann es kaum erwarten, loszulegen.\u201c<\/p>\n<p><strong>Karriere<br \/>\n<\/strong>Enrico Larcher wurde am 17. Juni 2004 in Pieve di Cadore geboren. Er durchlief zun\u00e4chst die Nachwuchsteams seines Heimatortes, ehe er ab 2019 das Trikot von Cortina trug. Bereits 2020 feierte er sein Deb\u00fct in der ersten Mannschaft in der Alps Hockey League. Fortan blieb er dem Verein aus dem Schatten der Tofane treu und bestritt insgesamt 224 Spiele, in denen er 3 Tore erzielte und 34 Assists gab. Zudem gewann er zwei italienische Meisterschaften und einen Supercup.<\/p>\n<p>Larcher ist ein fester Bestandteil der italienischen Nachwuchs-Nationalmannschaften. In der Saison 2021\/22 nahm er sowohl an der U18-Weltmeisterschaft (Division IB), bei der er als bester Spieler der \u201eAzzurrini\u201c ausgezeichnet wurde, als auch an der U20-WM (Division IIA) teil. Dort gelang ihm mit dem Team der Aufstieg mit der Goldmedaille \u2013 er war punktbester Verteidiger (5 Punkte) und wies den besten Plus\/Minus-Wert (+7) auf. Es folgten zwei weitere Teilnahmen an der U20-WM (Division IB), bei denen er erneut als bester Spieler seines Teams geehrt wurde.<\/p>\n<p>Weitere Informationen \u00fcber Enrico Larcher: <a href=\"https:\/\/www.eliteprospects.com\/player\/501623\/enrico-larcher\">https:\/\/www.eliteprospects.com\/player\/501623\/enrico-larcher<\/a><\/p>\n","protected":false},"excerpt":{"rendered":"<p>Der HCB S\u00fcdtirol Alperia gibt offiziell bekannt, dass eine Einigung \u00fcber die Verpflichtung des U20-Nationalverteidigers Enrico Larcher f\u00fcr die Saison 2025\/26 erzielt wurde. Der 21-J\u00e4hrige erh\u00e4lt einen \u201eTwo-Way\u201c-Vertrag mit dem HC Meran und wird damit seine erste Erfahrung in der ICEHL sammeln, nachdem er zuvor bei Cortina in der Alps Hockey League ausgebildet wurde. Larcher, [&hellip;]<\/p>\n","protected":false},"author":5,"featured_media":1018366,"comment_status":"closed","ping_status":"closed","sticky":false,"template":"","format":"standard","meta":{"_acf_changed":false,"footnotes":""},"categories":[9],"tags":[],"class_list":["post-1018368","post","type-post","status-publish","format-standard","has-post-thumbnail","hentry","category-news-team"],"acf":[],"_links":{"self":[{"href":"https:\/\/www.hcb.net\/de\/wp-json\/wp\/v2\/posts\/1018368","targetHints":{"allow":["GET"]}}],"collection":[{"href":"https:\/\/www.hcb.net\/de\/wp-json\/wp\/v2\/posts"}],"about":[{"href":"https:\/\/www.hcb.net\/de\/wp-json\/wp\/v2\/types\/post"}],"author":[{"embeddable":true,"href":"https:\/\/www.hcb.net\/de\/wp-json\/wp\/v2\/users\/5"}],"replies":[{"embeddable":true,"href":"https:\/\/www.hcb.net\/de\/wp-json\/wp\/v2\/comments?post=1018368"}],"version-history":[{"count":2,"href":"https:\/\/www.hcb.net\/de\/wp-json\/wp\/v2\/posts\/1018368\/revisions"}],"predecessor-version":[{"id":1018373,"href":"https:\/\/www.hcb.net\/de\/wp-json\/wp\/v2\/posts\/1018368\/revisions\/1018373"}],"wp:featuredmedia":[{"embeddable":true,"href":"https:\/\/www.hcb.net\/de\/wp-json\/wp\/v2\/media\/1018366"}],"wp:attachment":[{"href":"https:\/\/www.hcb.net\/de\/wp-json\/wp\/v2\/media?parent=1018368"}],"wp:term":[{"taxonomy":"category","embeddable":true,"href":"https:\/\/www.hcb.net\/de\/wp-json\/wp\/v2\/categories?post=1018368"},{"taxonomy":"post_tag","embeddable":true,"href":"https:\/\/www.hcb.net\/de\/wp-json\/wp\/v2\/tags?post=1018368"}],"curies":[{"name":"wp","href":"https:\/\/api.w.org\/{rel}","templated":true}]}}