{"id":1032193,"date":"2025-08-08T14:04:52","date_gmt":"2025-08-08T13:04:52","guid":{"rendered":"https:\/\/www.hcb.net\/?p=1032193"},"modified":"2025-08-08T14:04:52","modified_gmt":"2025-08-08T13:04:52","slug":"daniel-goller-und-daniel-peruzzo-komplettieren-das-trainerteam-der-foxes","status":"publish","type":"post","link":"https:\/\/www.hcb.net\/de\/daniel-goller-und-daniel-peruzzo-komplettieren-das-trainerteam-der-foxes\/","title":{"rendered":"Daniel Goller und Daniel Peruzzo komplettieren das Trainerteam der Foxes"},"content":{"rendered":"<p>Nachdem die Kaderplanung abgeschlossen ist, freut sich der HCB S\u00fcdtirol Alperia, einen weiteren Neuzugang und eine Best\u00e4tigung f\u00fcr das Trainerteam bekanntzugeben. Zur Unterst\u00fctzung von Cheftrainer Kurt Kleinendorst und Assistant Coach Fabio Armani k\u00f6nnen die Wei\u00df-Roten ab dieser Saison auf einen Torwarttrainer vom Kaliber eines <strong>Daniel Goller<\/strong> z\u00e4hlen. In der Rolle des Athletiktrainers wurde <strong>Daniel Peruzzo<\/strong> f\u00fcr die zweite Saison in Folge best\u00e4tigt.<\/p>\n<p>Der 43-j\u00e4hrige S\u00fcdtiroler Daniel Goller kehrt nach mehreren Jahren im Ausland nach Italien zur\u00fcck. Seine Karriere als Torwarttrainer begann 2007 in Kaltern und f\u00fchrte ihn anschlie\u00dfend zum EV Bozen und nach Meran. Parallel dazu betreute er auch die italienischen Nachwuchs-Nationalteams U20 und U18, teils auch als Assistenztrainer. 2012 arbeitete er erstmals mit dem HC Bozen zusammen, und auf internationaler Ebene betreute er die litauische Nationalmannschaft als Assistenztrainer bei den Olympiaqualifikationen und den Weltmeisterschaften der Division IB. 2015 wechselte er in die INL zum EHC Bregenzerwald als Assistenz- und Torwarttrainer. In den darauffolgenden zwei Spielzeiten kehrte er nach S\u00fcdtirol zur\u00fcck \u2013 zun\u00e4chst nach Gr\u00f6den, dann nach Sterzing. 2022 machte er erstmals Erfahrung in der ICEHL als Torwarttrainer der Vienna Capitals. In der Saison 2023\/24 war er sowohl in der DEL bei den N\u00fcrnberg Ice Tigers als auch international mit der ungarischen Nationalmannschaft t\u00e4tig: Als Torwart- und Video-Coach gewann er mit den Magyaren Gold bei der Weltmeisterschaft der Division IA in Bozen. Vergangene Saison blieb er in der DEL, diesmal bei den L\u00f6wen Frankfurt, erneut in der Doppelfunktion als Torwart- und Video-Coach.<\/p>\n<p><a href=\"https:\/\/www.hcb.net\/a9243ee7cdcd4f3a\/1032191\/c\/fit-in\/0x0\/filters:no_upscale()\/filters:strip_exif()\/daniel-peruzzo-min.jpg\"><img loading=\"lazy\" decoding=\"async\" class=\"alignright wp-image-1032191\" src=\"https:\/\/www.hcb.net\/a9243ee7cdcd4f3a\/1032191\/c\/fit-in\/1024x683\/filters:no_upscale()\/filters:strip_exif()\/daniel-peruzzo-min.jpg\" alt=\"\" width=\"534\" height=\"356\" data-headline=\"Daniel Peruzzo-min\" srcset=\"https:\/\/www.hcb.net\/a9243ee7cdcd4f3a\/1032191\/c\/fit-in\/300x200\/filters:no_upscale()\/filters:strip_exif()\/daniel-peruzzo-min.jpg 300w, https:\/\/www.hcb.net\/a9243ee7cdcd4f3a\/1032191\/c\/fit-in\/768x512\/filters:no_upscale()\/filters:strip_exif()\/daniel-peruzzo-min.jpg 768w, https:\/\/www.hcb.net\/a9243ee7cdcd4f3a\/1032191\/c\/fit-in\/90x60\/filters:no_upscale()\/filters:strip_exif()\/daniel-peruzzo-min.jpg 90w, https:\/\/www.hcb.net\/a9243ee7cdcd4f3a\/1032191\/c\/fit-in\/600x400\/filters:no_upscale()\/filters:strip_exif()\/daniel-peruzzo-min.jpg 600w, https:\/\/www.hcb.net\/a9243ee7cdcd4f3a\/1032191\/c\/fit-in\/1024x683\/filters:no_upscale()\/filters:strip_exif()\/daniel-peruzzo-min.jpg 1024w\" sizes=\"auto, (max-width: 534px) 100vw, 534px\" \/><\/a>F\u00fcr Strength &amp; Conditioning Coach Daniel Peruzzo \u2013 wie bereits erw\u00e4hnt \u2013 ist es die zweite Saison in dieser Funktion beim HCB. Der 40-J\u00e4hrige blickt auf eine lange Eishockeykarriere zur\u00fcck, in der er im Nachwuchs der Wei\u00df-Roten gro\u00df wurde und zwischen 2003 und 2007 insgesamt 54 Spiele in der Serie A f\u00fcr die Foxes bestritt. Seit mittlerweile elf Jahren ist er auf Athletiktraining spezialisiert, betreute zun\u00e4chst den HC Eppan und seit letztem Jahr auch den HCB. Seine Arbeit wird w\u00e4hrend der gesamten Saison von gro\u00dfer Bedeutung sein \u2013 insbesondere zu Beginn, wenn die Foxes ab Samstag, dem 9. August, ins Trainingslager nach Corvara in Badia starten.<\/p>\n","protected":false},"excerpt":{"rendered":"<p>Nachdem die Kaderplanung abgeschlossen ist, freut sich der HCB S\u00fcdtirol Alperia, einen weiteren Neuzugang und eine Best\u00e4tigung f\u00fcr das Trainerteam bekanntzugeben. Zur Unterst\u00fctzung von Cheftrainer Kurt Kleinendorst und Assistant Coach Fabio Armani k\u00f6nnen die Wei\u00df-Roten ab dieser Saison auf einen Torwarttrainer vom Kaliber eines Daniel Goller z\u00e4hlen. In der Rolle des Athletiktrainers wurde Daniel Peruzzo [&hellip;]<\/p>\n","protected":false},"author":5,"featured_media":1032008,"comment_status":"closed","ping_status":"closed","sticky":false,"template":"","format":"standard","meta":{"_acf_changed":false,"footnotes":""},"categories":[9],"tags":[],"class_list":["post-1032193","post","type-post","status-publish","format-standard","has-post-thumbnail","hentry","category-news-team"],"acf":[],"_links":{"self":[{"href":"https:\/\/www.hcb.net\/de\/wp-json\/wp\/v2\/posts\/1032193","targetHints":{"allow":["GET"]}}],"collection":[{"href":"https:\/\/www.hcb.net\/de\/wp-json\/wp\/v2\/posts"}],"about":[{"href":"https:\/\/www.hcb.net\/de\/wp-json\/wp\/v2\/types\/post"}],"author":[{"embeddable":true,"href":"https:\/\/www.hcb.net\/de\/wp-json\/wp\/v2\/users\/5"}],"replies":[{"embeddable":true,"href":"https:\/\/www.hcb.net\/de\/wp-json\/wp\/v2\/comments?post=1032193"}],"version-history":[{"count":1,"href":"https:\/\/www.hcb.net\/de\/wp-json\/wp\/v2\/posts\/1032193\/revisions"}],"predecessor-version":[{"id":1032194,"href":"https:\/\/www.hcb.net\/de\/wp-json\/wp\/v2\/posts\/1032193\/revisions\/1032194"}],"wp:featuredmedia":[{"embeddable":true,"href":"https:\/\/www.hcb.net\/de\/wp-json\/wp\/v2\/media\/1032008"}],"wp:attachment":[{"href":"https:\/\/www.hcb.net\/de\/wp-json\/wp\/v2\/media?parent=1032193"}],"wp:term":[{"taxonomy":"category","embeddable":true,"href":"https:\/\/www.hcb.net\/de\/wp-json\/wp\/v2\/categories?post=1032193"},{"taxonomy":"post_tag","embeddable":true,"href":"https:\/\/www.hcb.net\/de\/wp-json\/wp\/v2\/tags?post=1032193"}],"curies":[{"name":"wp","href":"https:\/\/api.w.org\/{rel}","templated":true}]}}