{"id":1036644,"date":"2025-08-12T14:48:42","date_gmt":"2025-08-12T13:48:42","guid":{"rendered":"https:\/\/www.hcb.net\/?p=1036644"},"modified":"2025-08-12T14:55:02","modified_gmt":"2025-08-12T13:55:02","slug":"tickets-und-mini-abos-fuer-den-suedtirol-summer-classic-by-sparkasse-2025-im-verkauf","status":"publish","type":"post","link":"https:\/\/www.hcb.net\/de\/tickets-und-mini-abos-fuer-den-suedtirol-summer-classic-by-sparkasse-2025-im-verkauf\/","title":{"rendered":"Tickets und Mini-Abos f\u00fcr den S\u00fcdtirol Summer Classic by Sparkasse 2025 im Verkauf"},"content":{"rendered":"<p>In gut einer Woche steht das erste Heimspiel der Saison f\u00fcr den HCB S\u00fcdtirol Alperia bevor: Am Wochenende des 23. und 24. August wird die Mannschaft in der Sparkasse Arena bei der f\u00fcnften Auflage des S\u00fcdtirol Summer Classic by Sparkasse antreten. Das vom HCB organisierte Turnier ist inzwischen ein fester Bestandteil des lokalen Sommerhockeys und wird auch dieses Jahr wieder Teams von h\u00f6chster Qualit\u00e4t empfangen.<\/p>\n<p>Der Spielplan erstreckt sich in diesem Jahr \u00fcber zwei Tage: Am Samstag, 23. August, finden die beiden Halbfinalspiele statt \u2013 um 16:00 Uhr treffen die Schweizer des EHC Kloten auf die Tschechen des Skoda Plzen, um 20:00 Uhr messen sich die Foxes mit den N\u00fcrnberg IceTigers aus Deutschland.<br \/>\nAm Sonntag, 24. August, steht um 16:00 Uhr das Spiel um Platz 3 auf dem Programm, um 20:00 Uhr dann das Finale.<\/p>\n<p><strong>Tickets und Mini-Abos<br \/>\n<\/strong>Eintrittskarten f\u00fcr alle Spiele sind wie gewohnt online unter folgendem Link erh\u00e4ltlich: <a href=\"https:\/\/www.midaticket.it\/eventi\/hockey-club-bolzano\">https:\/\/www.midaticket.it\/eventi\/hockey-club-bolzano<\/a>. Ebenfalls \u00fcber diese Plattform k\u00f6nnen g\u00fcnstige t\u00e4gliche <strong>Mini-Abonnements<\/strong> erworben werden, die mit nur <strong>1 \u20ac Aufpreis<\/strong> auf den Einzelpreis den Zugang zu <strong>beiden Spielen des Tages<\/strong> erm\u00f6glichen.<\/p>\n<p>&nbsp;<\/p>\n<p><strong>Die teilnehmenden Mannschaften<\/strong><\/p>\n<p><strong>N\u00fcrnberg IceTigers<\/strong><\/p>\n<p><strong><a href=\"https:\/\/www.hcb.net\/a9243ee7cdcd4f3a\/1037049\/c\/fit-in\/0x0\/filters:no_upscale()\/filters:strip_exif()\/20250214_icetigers_wolfsburg_thha_0020.jpg\"><img loading=\"lazy\" decoding=\"async\" class=\" wp-image-1037049 aligncenter\" src=\"https:\/\/www.hcb.net\/a9243ee7cdcd4f3a\/1037049\/c\/fit-in\/1024x683\/filters:no_upscale()\/filters:strip_exif()\/20250214_icetigers_wolfsburg_thha_0020.jpg\" alt=\"\" width=\"536\" height=\"357\" data-headline=\"N\u00fcrnberg Ice Tigers - Grizzlys Wolfsburg\" data-copyright=\"Foto: (c) Sportfoto Zink Pyrbaum\" srcset=\"https:\/\/www.hcb.net\/a9243ee7cdcd4f3a\/1037049\/c\/fit-in\/300x200\/filters:no_upscale()\/filters:strip_exif()\/20250214_icetigers_wolfsburg_thha_0020.jpg 300w, https:\/\/www.hcb.net\/a9243ee7cdcd4f3a\/1037049\/c\/fit-in\/768x512\/filters:no_upscale()\/filters:strip_exif()\/20250214_icetigers_wolfsburg_thha_0020.jpg 768w, https:\/\/www.hcb.net\/a9243ee7cdcd4f3a\/1037049\/c\/fit-in\/90x60\/filters:no_upscale()\/filters:strip_exif()\/20250214_icetigers_wolfsburg_thha_0020.jpg 90w, https:\/\/www.hcb.net\/a9243ee7cdcd4f3a\/1037049\/c\/fit-in\/600x400\/filters:no_upscale()\/filters:strip_exif()\/20250214_icetigers_wolfsburg_thha_0020.jpg 600w, https:\/\/www.hcb.net\/a9243ee7cdcd4f3a\/1037049\/c\/fit-in\/1024x683\/filters:no_upscale()\/filters:strip_exif()\/20250214_icetigers_wolfsburg_thha_0020.jpg 1024w\" sizes=\"auto, (max-width: 536px) 100vw, 536px\" \/><\/a><\/strong><\/p>\n<p>Die Deutschen nehmen nach der Ausgabe 2019, die sie auf dem dritten Platz abschlossen, wieder am S\u00fcdtirol Summer Classic teil. In der vergangenen Saison belegte die Mannschaft, die seit diesem Jahr vom ehemaligen Innsbruck-Trainer Mitch O\u2019Keefe betreut wird, nach der Regular Season den achten Platz und schied im Playoff-Viertelfinale aus. Kurios: In den letzten Jahren waren sowohl Kurt Kleinendorst (Head Coach in der Saison 2019\/20) als auch Daniel Goller (Torwarttrainer 2023\/24) bei den IceTigers t\u00e4tig. Zwar konnte der fr\u00e4nkische Klub noch nie die DEL gewinnen, erreichte jedoch zweimal das Finale (1999 und 2007).<\/p>\n<p>Es gab bislang nur ein Aufeinandertreffen zwischen N\u00fcrnberg und Bozen: Am 27. August 2022 setzten sich die Deutschen beim Vinschgau Cup in Latsch mit 3:2 durch; f\u00fcr die Wei\u00df-Roten trafen Alberga und Felicetti.<\/p>\n<p>&nbsp;<\/p>\n<p><strong>EHC Kloten<\/strong><\/p>\n<p><strong><a href=\"https:\/\/www.hcb.net\/a9243ee7cdcd4f3a\/1037051\/c\/fit-in\/0x0\/filters:no_upscale()\/filters:strip_exif()\/ehck-hcd_reto-turotti-szenmagazin-039_4e41ff1ed0a1de65de8443e97899768d.webp\"><img loading=\"lazy\" decoding=\"async\" class=\" wp-image-1037051 aligncenter\" src=\"https:\/\/www.hcb.net\/a9243ee7cdcd4f3a\/1037051\/c\/fit-in\/1024x682\/filters:no_upscale()\/filters:strip_exif()\/ehck-hcd_reto-turotti-szenmagazin-039_4e41ff1ed0a1de65de8443e97899768d.webp\" alt=\"\" width=\"575\" height=\"383\" data-headline=\"ehck-hcd_reto-turotti-szenmagazin-039_4e41ff1ed0a1de65de8443e97899768d\" srcset=\"https:\/\/www.hcb.net\/a9243ee7cdcd4f3a\/1037051\/c\/fit-in\/300x200\/filters:no_upscale()\/filters:strip_exif()\/ehck-hcd_reto-turotti-szenmagazin-039_4e41ff1ed0a1de65de8443e97899768d.webp 300w, https:\/\/www.hcb.net\/a9243ee7cdcd4f3a\/1037051\/c\/fit-in\/768x512\/filters:no_upscale()\/filters:strip_exif()\/ehck-hcd_reto-turotti-szenmagazin-039_4e41ff1ed0a1de65de8443e97899768d.webp 768w, https:\/\/www.hcb.net\/a9243ee7cdcd4f3a\/1037051\/c\/fit-in\/90x60\/filters:no_upscale()\/filters:strip_exif()\/ehck-hcd_reto-turotti-szenmagazin-039_4e41ff1ed0a1de65de8443e97899768d.webp 90w, https:\/\/www.hcb.net\/a9243ee7cdcd4f3a\/1037051\/c\/fit-in\/600x400\/filters:no_upscale()\/filters:strip_exif()\/ehck-hcd_reto-turotti-szenmagazin-039_4e41ff1ed0a1de65de8443e97899768d.webp 600w, https:\/\/www.hcb.net\/a9243ee7cdcd4f3a\/1037051\/c\/fit-in\/1024x682\/filters:no_upscale()\/filters:strip_exif()\/ehck-hcd_reto-turotti-szenmagazin-039_4e41ff1ed0a1de65de8443e97899768d.webp 1024w\" sizes=\"auto, (max-width: 575px) 100vw, 575px\" \/><\/a><\/strong><\/p>\n<p>Die Schweizer nehmen erstmals am Turnier in Bozen teil. Der Traditionsverein hat f\u00fcnf Schweizer Meistertitel auf dem Konto. Nach einem schmerzhaften Abstieg 2018 und vier Jahren in der Swiss League kehrte das Team aus dem Kanton Z\u00fcrich 2022 in die National League zur\u00fcck und erreichte im letzten Jahr erstmals wieder die Playoffs, in denen es im Viertelfinale gegen die sp\u00e4teren Meister ZSC Lions ausschied. In dieser Saison steht mit <strong>Davide Fadani<\/strong> auch der italienische Nationaltorh\u00fcter im Kader. Bekannte Gesichter sind zudem der ehemalige Zagreb-Spieler Tyler Morley und der Ex-Villacher Bernd Wolf.<\/p>\n<p>Es gibt nur ein, daf\u00fcr prestigetr\u00e4chtiges, Aufeinandertreffen mit dem HCB: In der Saison 1996\/97 standen sich die Teams in der Halbfinalgruppe des Europapokals gegen\u00fcber, ausgetragen vom HCB im Palaonda. Die Gruppe bestand au\u00dferdem aus HC Kosice und CSA Steaua Bucure\u0219ti. In den goldenen Jahren der Schweizer (vier Titel in Folge) bot Bozen dem Favoriten lange Paroli: Nach einem 0:2-R\u00fcckstand verk\u00fcrzte Pasin im letzten Drittel, bevor zwei weitere Tore der Schweizer den 1:4-Endstand besiegelten.<\/p>\n<p>&nbsp;<\/p>\n<p><strong>Skoda Plzen<\/strong><\/p>\n<p><strong><a href=\"https:\/\/www.hcb.net\/a9243ee7cdcd4f3a\/1037053\/c\/fit-in\/0x0\/filters:no_upscale()\/filters:strip_exif()\/dsc_6445-kopie.jpg\"><img loading=\"lazy\" decoding=\"async\" class=\" wp-image-1037053 aligncenter\" src=\"https:\/\/www.hcb.net\/a9243ee7cdcd4f3a\/1037053\/c\/fit-in\/1024x683\/filters:no_upscale()\/filters:strip_exif()\/dsc_6445-kopie.jpg\" alt=\"\" width=\"582\" height=\"388\" data-headline=\"DSC_6445 (kopie)\" srcset=\"https:\/\/www.hcb.net\/a9243ee7cdcd4f3a\/1037053\/c\/fit-in\/300x200\/filters:no_upscale()\/filters:strip_exif()\/dsc_6445-kopie.jpg 300w, https:\/\/www.hcb.net\/a9243ee7cdcd4f3a\/1037053\/c\/fit-in\/768x512\/filters:no_upscale()\/filters:strip_exif()\/dsc_6445-kopie.jpg 768w, https:\/\/www.hcb.net\/a9243ee7cdcd4f3a\/1037053\/c\/fit-in\/90x60\/filters:no_upscale()\/filters:strip_exif()\/dsc_6445-kopie.jpg 90w, https:\/\/www.hcb.net\/a9243ee7cdcd4f3a\/1037053\/c\/fit-in\/600x400\/filters:no_upscale()\/filters:strip_exif()\/dsc_6445-kopie.jpg 600w, https:\/\/www.hcb.net\/a9243ee7cdcd4f3a\/1037053\/c\/fit-in\/1024x683\/filters:no_upscale()\/filters:strip_exif()\/dsc_6445-kopie.jpg 1024w\" sizes=\"auto, (max-width: 582px) 100vw, 582px\" \/><\/a><\/strong><\/p>\n<p>F\u00fcr die Tschechen von Plzen ist es ebenfalls eine R\u00fcckkehr zum S\u00fcdtirol Summer Classic, nachdem sie 2022 den dritten Platz belegten. Der traditionsreiche Klub gewann drei tschechoslowakische Meistertitel (1958, 1959 und 1992) sowie 2013 die tschechische Meisterschaft.<br \/>\nDie Stadt Plzen ist eng mit Bozen verbunden: Dort spielte lange Zeit Jaroslav \u201eJarda\u201c Pavlu, der sportliche Ziehvater vieler Bozner Talente, der am 9. Januar 2024 verstarb, und leiblicher Vater der HCB-Legende Martin Pavlu, der in Plzen geboren wurde.<\/p>\n<p>Seit der Corona-Pause gelang Plzen nie der Sprung \u00fcber die Pre-Playoffs hinaus \u2013 so auch im letzten Jahr, als man die Regular Season auf Platz 8 abschloss.<\/p>\n<p>Die Begegnungen mit den Wei\u00df-Roten sind zahlreich, nicht zuletzt aufgrund der \u201ePavlu-Verbindung\u201c: Am 25. November 1969 gewannen die Tschechen ein Freundschaftsspiel im Meraner Stadion Mainardo mit 11:8, zwei Tage sp\u00e4ter folgte ein 8:3 im Rahmen des Coppa Mille Miglia. Am Heiligabend 1975 endete ein weiteres Freundschaftsspiel in der Via Roma 11:15 \u2013 damals erzielte ein noch nicht 14-j\u00e4hriger Martin Pavlu sein erstes Tor in der ersten Mannschaft. Erst Jahrzehnte sp\u00e4ter kam es zum Wiedersehen: In der Champions Hockey League am 6. und 11. November 2018 setzte sich Plzen im Viertelfinale klar durch \u2013 mit 6:1 im Palaonda und 6:2 in der Home Monitoring Arena.<\/p>\n<p>&nbsp;<\/p>\n","protected":false},"excerpt":{"rendered":"<p>In gut einer Woche steht das erste Heimspiel der Saison f\u00fcr den HCB S\u00fcdtirol Alperia bevor: Am Wochenende des 23. und 24. August wird die Mannschaft in der Sparkasse Arena bei der f\u00fcnften Auflage des S\u00fcdtirol Summer Classic by Sparkasse antreten. Das vom HCB organisierte Turnier ist inzwischen ein fester Bestandteil des lokalen Sommerhockeys und [&hellip;]<\/p>\n","protected":false},"author":5,"featured_media":1036642,"comment_status":"closed","ping_status":"closed","sticky":false,"template":"","format":"standard","meta":{"_acf_changed":false,"footnotes":""},"categories":[9],"tags":[],"class_list":["post-1036644","post","type-post","status-publish","format-standard","has-post-thumbnail","hentry","category-news-team"],"acf":[],"_links":{"self":[{"href":"https:\/\/www.hcb.net\/de\/wp-json\/wp\/v2\/posts\/1036644","targetHints":{"allow":["GET"]}}],"collection":[{"href":"https:\/\/www.hcb.net\/de\/wp-json\/wp\/v2\/posts"}],"about":[{"href":"https:\/\/www.hcb.net\/de\/wp-json\/wp\/v2\/types\/post"}],"author":[{"embeddable":true,"href":"https:\/\/www.hcb.net\/de\/wp-json\/wp\/v2\/users\/5"}],"replies":[{"embeddable":true,"href":"https:\/\/www.hcb.net\/de\/wp-json\/wp\/v2\/comments?post=1036644"}],"version-history":[{"count":4,"href":"https:\/\/www.hcb.net\/de\/wp-json\/wp\/v2\/posts\/1036644\/revisions"}],"predecessor-version":[{"id":1037120,"href":"https:\/\/www.hcb.net\/de\/wp-json\/wp\/v2\/posts\/1036644\/revisions\/1037120"}],"wp:featuredmedia":[{"embeddable":true,"href":"https:\/\/www.hcb.net\/de\/wp-json\/wp\/v2\/media\/1036642"}],"wp:attachment":[{"href":"https:\/\/www.hcb.net\/de\/wp-json\/wp\/v2\/media?parent=1036644"}],"wp:term":[{"taxonomy":"category","embeddable":true,"href":"https:\/\/www.hcb.net\/de\/wp-json\/wp\/v2\/categories?post=1036644"},{"taxonomy":"post_tag","embeddable":true,"href":"https:\/\/www.hcb.net\/de\/wp-json\/wp\/v2\/tags?post=1036644"}],"curies":[{"name":"wp","href":"https:\/\/api.w.org\/{rel}","templated":true}]}}