{"id":268892,"date":"2023-06-28T18:59:43","date_gmt":"2023-06-28T17:59:43","guid":{"rendered":"https:\/\/www.hcb.net\/?p=268892"},"modified":"2023-06-28T19:40:31","modified_gmt":"2023-06-28T18:40:31","slug":"zweites-jahr-in-weissrot-fuer-leonardo-felicetti","status":"publish","type":"post","link":"https:\/\/www.hcb.net\/de\/zweites-jahr-in-weissrot-fuer-leonardo-felicetti\/","title":{"rendered":"Zweites Jahr in Wei\u00dfrot f\u00fcr Leonardo Felicetti"},"content":{"rendered":"<p>Der HCB S\u00fcdtirol Alperia teilt offiziell mit, den Vertrag mit <strong>Leonardo Felicetti <\/strong>um ein weiteres Jahr f\u00fcr die Saison 2023\/24 verl\u00e4ngert zu haben.<\/p>\n<p>F\u00fcr den 23-j\u00e4hrigen aus dem Fassatal ist es somit die zweite Saison im Bozner Trikot. In der vergangenen Spielzeit hat er 8 Punkte erzielt, davon 4 Treffer und 4 Assist und war dadurch der zweitbeste U23 Spieler der Foxes in der EBEL\/ICEHL (besser ist nur Daniel Frank, der im selben Alter in der Saison 2016\/17 19 Punkte realisiert hat). Nicht nur: er ist auch der erste Spieler der 2000-er Jahrg\u00e4nge (und bis heute der einzige), der einen Treffer im wei\u00dfroten Trikot erzielt hat, und zwar am 2. November 2021 in der Eisarena gegen Salzburg, damals noch als Leihgabe von Fassa.<\/p>\n<p>Felicetti wurde in der Jugendabteilung von Fassa ausgebildet, es folgten f\u00fcnf Jahre als Junior in Iserlohn, bevor er 2020 endg\u00fcltig zu seinem Heimatverein zur\u00fcckkehrte: in zwei AlpsHL Saisonen gelangen ihm 34 Punkte aus 77 Spielen, zugleich kam er auch erstmals in der italienischen Nationalmannschaft zum Einsatz.<\/p>\n<p>\u201eMein Ziel in der ersten Saison in der Talferstadt war es, hart zu arbeiten, bez\u00fcglich Eiszeit hatte ich keine gro\u00dfen Erwartungen\u201d, erkl\u00e4rt Felicetti, \u201ees war mir auch klar, dass es schwer sein w\u00fcrde, aufgrund der Qualit\u00e4t des Kaders einen Stammplatz zu ergattern. Schlussendlich kann ich zufrieden sein, denn der Coach gab mir sein Vertrauen und ich konnte meinen Beitrag, sei es in der Regular Season, als auch in den Playoff, zu unseren Erfolgen geben. Die Mannschaftskollegen waren gro\u00dfartig und haben mir aufgezeigt, wie man sich als Profi verh\u00e4lt, wenn man nach oben kommen will, auf dem Eis und auch au\u00dferhalb. Und, in der Sparkasse Arena zu spielen, ist etwas Einzigartiges: vor jedem Spiel konnte ich es kaum erwarten, die Eisfl\u00e4che zu betreten und w\u00e4hrend der Playoffs hatte ich G\u00e4nsehaut, als ich das volle Stadion sah, insbesondere w\u00e4hrend der Hymne und der Choreografien. Unsere Fans sind der siebte Mann auf dem Eis\u201c. \u00a0Nun einige Worte zur kommenden Saison: \u201ePers\u00f6nlich m\u00f6chte ich weiter 110% geben, um meinen Reifungsprozess fortzusetzen, au\u00dferdem haben wir eine Rechnung offen: wir haben gesehen, wie weit wir kommen k\u00f6nnen, in einem entscheidenden Match k\u00f6nnen Kleinigkeiten entscheiden, wie z.B. ein Abpraller Zugunsten oder Ungunsten. Wir starten jedoch wieder von Null, am Anfang steht die CHL und der neue Modus gibt uns die M\u00f6glichkeit, uns mit Mannschaften von h\u00f6chstem Niveau zu messen und mit verschiedenen Spielsystemen vertraut zu machen. So wissen wir von Beginn an, wo wir stehen und wo wir Nachholbedarf haben\u201c.<\/p>\n<p>Weitere Einzelheiten \u00fcber Leonardo Felicetti unter: <a href=\"https:\/\/www.eliteprospects.com\/player\/381777\/leonardo-felicetti\">https:\/\/www.eliteprospects.com\/player\/381777\/leonardo-felicetti<\/a><\/p>\n<p>&nbsp;<\/p>\n<p><strong>Foxes am 19. und 20. August wieder beim Hansj\u00f6rg Brunner Memorial<br \/>\n<\/strong>In der Zwischenzeit l\u00e4uft die Planung der Vorbereitungsspiele auf die neue Saison. Zur bereits bekannten Teilnahme am S\u00fcdtirol Summer Classic in der Sparkasse Arena vom 25. bis 27. August, werden die Foxes heuer wieder an der dritten Auflage des vom HC Meran in der Meranarena organisierten Hansj\u00f6rg Brunner Memorial teilnehmen. Bei diesem Turnier werden f\u00fcnf Mannschaften dabei sein, wobei jedes Team zwei Spiele bestreiten wird: Bozens Gegner ist wie im letzten Jahr der ESV Kaufbeuren (DEL2), das Match findet am Samstag, 19. August, um 18:00 Uhr statt, am Sonntag, 20. August, mit Spielbeginn ebenfalls um 18:00 Uhr bittet der HC Meran (AlpsHL) zum Tanz. Die weiteren Teilnehmer sind der EHC Winterthur (Swiss League) und die Rittner Buam (AlpsHL). Die Foxes haben die beiden ersten Auflagen der Veranstaltung f\u00fcr sich entschieden (2021 e 2022). Termine f\u00fcr weitere Vorbereitungsspiele folgen in den kommenden Wochen.<\/p>\n","protected":false},"excerpt":{"rendered":"<p>Der HCB S\u00fcdtirol Alperia teilt offiziell mit, den Vertrag mit Leonardo Felicetti um ein weiteres Jahr f\u00fcr die Saison 2023\/24 verl\u00e4ngert zu haben. F\u00fcr den 23-j\u00e4hrigen aus dem Fassatal ist es somit die zweite Saison im Bozner Trikot. In der vergangenen Spielzeit hat er 8 Punkte erzielt, davon 4 Treffer und 4 Assist und war [&hellip;]<\/p>\n","protected":false},"author":5,"featured_media":268890,"comment_status":"closed","ping_status":"closed","sticky":false,"template":"","format":"standard","meta":{"_acf_changed":false,"footnotes":""},"categories":[9],"tags":[],"class_list":["post-268892","post","type-post","status-publish","format-standard","has-post-thumbnail","hentry","category-news-team"],"acf":[],"_links":{"self":[{"href":"https:\/\/www.hcb.net\/de\/wp-json\/wp\/v2\/posts\/268892","targetHints":{"allow":["GET"]}}],"collection":[{"href":"https:\/\/www.hcb.net\/de\/wp-json\/wp\/v2\/posts"}],"about":[{"href":"https:\/\/www.hcb.net\/de\/wp-json\/wp\/v2\/types\/post"}],"author":[{"embeddable":true,"href":"https:\/\/www.hcb.net\/de\/wp-json\/wp\/v2\/users\/5"}],"replies":[{"embeddable":true,"href":"https:\/\/www.hcb.net\/de\/wp-json\/wp\/v2\/comments?post=268892"}],"version-history":[{"count":3,"href":"https:\/\/www.hcb.net\/de\/wp-json\/wp\/v2\/posts\/268892\/revisions"}],"predecessor-version":[{"id":270766,"href":"https:\/\/www.hcb.net\/de\/wp-json\/wp\/v2\/posts\/268892\/revisions\/270766"}],"wp:featuredmedia":[{"embeddable":true,"href":"https:\/\/www.hcb.net\/de\/wp-json\/wp\/v2\/media\/268890"}],"wp:attachment":[{"href":"https:\/\/www.hcb.net\/de\/wp-json\/wp\/v2\/media?parent=268892"}],"wp:term":[{"taxonomy":"category","embeddable":true,"href":"https:\/\/www.hcb.net\/de\/wp-json\/wp\/v2\/categories?post=268892"},{"taxonomy":"post_tag","embeddable":true,"href":"https:\/\/www.hcb.net\/de\/wp-json\/wp\/v2\/tags?post=268892"}],"curies":[{"name":"wp","href":"https:\/\/api.w.org\/{rel}","templated":true}]}}