{"id":2922,"date":"2011-09-07T00:00:00","date_gmt":"2013-12-21T10:56:22","guid":{"rendered":"http:\/\/www.hcb.net\/hc-bozen-stellt-sich-der-presse-und-den-fans-vor\/"},"modified":"2017-03-22T15:08:35","modified_gmt":"2017-03-22T14:08:35","slug":"sponsor-junior","status":"publish","type":"post","link":"https:\/\/www.hcb.net\/de\/sponsor-junior\/","title":{"rendered":"Sponsor Junior"},"content":{"rendered":"<p>Das kommende Wochenende steht ganz im Zeichen der Foxes. Die Wei\u00df-Roten geh\u00f6ren ab Donnerstag, 8. September bis zum 11. September n\u00e4mlich zu den Protagonisten des Bozner Altstadtfestes. Im Palais Campofranco auf dem Waltherplatz wird es zahlreiche Events geben, bei denen der Verein und die Spieler im Mittelpunkt stehen werden.<\/p>\n<p>Das lange HC-Bozen-Wochenende beginnt am Donnerstag, 8. September um 11 Uhr mit der offiziellen Pressekonferenz. Der Vorstand und die Spieler stellen sich den Medien vor. Bei der Pr\u00e4sentation des Kaders f\u00fcr die Saison 2011\/12 werden alle Neueink\u00e4ufe vorgestellt, mit Ausnahme des US-Amerikaners Mark McCutcheon, der am Samstag, 10. September aus den USA eingeflogen wird. <\/p>\n<p> Von Freitag, 9. September bis Sonntag, 11. September wird dann im Rahmen des Altstadtfestes im Palais Campofranco gefeiert. Fans und Sympathisanten des HCB haben di M\u00f6glichkeit, den Klub und die Spieler kennenzulernen. Am Freitag und Samstag finden au\u00dferdem um 20 und 22 Uhr zwei Vorstellungen des Kaders statt, bei der alle Fans die M\u00f6glichkeit haben, sich mit ihren Lieblingen ablichten zu lassen und sich Autogramme geben lassen k\u00f6nnen. <\/p>\n<p> Nach den vielen Feierlichkeiten geht es dann am Montag wieder aufs Eis zur\u00fcck, wo sich Egger &amp; Co. auf das n\u00e4chste Freundschaftsspiel vorbereiten. Nach dem Gewinn des Weihenstephan Cups am vergangenen Wochenende treffen die Foxes am Dienstag, 13. September um 20.30 Uhr in der Eiswelle in Bozen auf die Innsbrucker Haie. <\/p>\n<p> <strong>Die Termine des HC Bozen im \u00dcberblick:<\/strong><\/p>\n<p> Donnerstag, 8. September, 11 Uhr: Offizielle Mannschaftsvorstellung im Palais Campofranco <\/p>\n<p> Von Freitag, 9. September bis Sonntag, 11. September: Festbetrieb des HC Bozen im Palais Campofranco im Rahmen des Altstadfestes<\/p>\n<p> Freitag, 9. September und Samstag, 10. September, 20 und 22 Uhr: Vorstellung der Mannschaft f\u00fcr Fans im Palais Campofranco<\/p>\n<p> Dienstag, 13. September, 20.30 Uhr: HC Bozen gegen Innsbrucker Haie in der Eiswelle von Bozen<\/p>\n","protected":false},"excerpt":{"rendered":"<p>Das kommende Wochenende steht ganz im Zeichen der Foxes. Die Wei\u00df-Roten geh\u00f6ren ab Donnerstag, 8. September bis zum 11. September n\u00e4mlich zu den Protagonisten des Bozner Altstadtfestes. Im Palais Campofranco auf dem Waltherplatz wird es zahlreiche Events geben, bei denen der Verein und die Spieler im Mittelpunkt stehen werden. Das lange HC-Bozen-Wochenende beginnt am Donnerstag, [&hellip;]<\/p>\n","protected":false},"author":1,"featured_media":9774,"comment_status":"open","ping_status":"open","sticky":false,"template":"","format":"standard","meta":{"_acf_changed":false,"footnotes":""},"categories":[9],"tags":[],"class_list":["post-2922","post","type-post","status-publish","format-standard","has-post-thumbnail","hentry","category-news-team"],"acf":[],"_links":{"self":[{"href":"https:\/\/www.hcb.net\/de\/wp-json\/wp\/v2\/posts\/2922","targetHints":{"allow":["GET"]}}],"collection":[{"href":"https:\/\/www.hcb.net\/de\/wp-json\/wp\/v2\/posts"}],"about":[{"href":"https:\/\/www.hcb.net\/de\/wp-json\/wp\/v2\/types\/post"}],"author":[{"embeddable":true,"href":"https:\/\/www.hcb.net\/de\/wp-json\/wp\/v2\/users\/1"}],"replies":[{"embeddable":true,"href":"https:\/\/www.hcb.net\/de\/wp-json\/wp\/v2\/comments?post=2922"}],"version-history":[{"count":5,"href":"https:\/\/www.hcb.net\/de\/wp-json\/wp\/v2\/posts\/2922\/revisions"}],"predecessor-version":[{"id":7699,"href":"https:\/\/www.hcb.net\/de\/wp-json\/wp\/v2\/posts\/2922\/revisions\/7699"}],"wp:featuredmedia":[{"embeddable":true,"href":"https:\/\/www.hcb.net\/de\/wp-json\/wp\/v2\/media\/9774"}],"wp:attachment":[{"href":"https:\/\/www.hcb.net\/de\/wp-json\/wp\/v2\/media?parent=2922"}],"wp:term":[{"taxonomy":"category","embeddable":true,"href":"https:\/\/www.hcb.net\/de\/wp-json\/wp\/v2\/categories?post=2922"},{"taxonomy":"post_tag","embeddable":true,"href":"https:\/\/www.hcb.net\/de\/wp-json\/wp\/v2\/tags?post=2922"}],"curies":[{"name":"wp","href":"https:\/\/api.w.org\/{rel}","templated":true}]}}