{"id":44921,"date":"2020-07-13T09:05:43","date_gmt":"2020-07-13T08:05:43","guid":{"rendered":"https:\/\/www.hcb.net\/?p=44921"},"modified":"2020-07-13T09:59:23","modified_gmt":"2020-07-13T08:59:23","slug":"daniel-glira-nicht-mehr-ein-weissroter","status":"publish","type":"post","link":"https:\/\/www.hcb.net\/de\/daniel-glira-nicht-mehr-ein-weissroter\/","title":{"rendered":"Daniel Glira nicht mehr ein Wei\u00dfroter"},"content":{"rendered":"<div class=\"\" data-block=\"true\" data-editor=\"dgf0o\" data-offset-key=\"84gq2-0-0\">\n<div class=\"_1mf _1mj\" data-offset-key=\"84gq2-0-0\"><span data-offset-key=\"84gq2-0-0\">Die Wege des HCB S\u00fcdtirol Alperia und von Daniel Glira trennen sich. Der Verteidiger, Jahrgang 1994, wird seine Karriere aus pers\u00f6nlichen und Studiengr\u00fcnden wieder im Trikot des <\/span><span class=\"_247o\" data-offset-key=\"84gq2-1-0\"><span data-offset-key=\"84gq2-1-0\">HC Pustertal<\/span><\/span><span data-offset-key=\"84gq2-2-0\">, den er 2016 Richtung Foxes verlassen hatte, in der Alps Hockey League fortsetzen. In den vier Jahren im wei\u00dfroten Trikot brachte es Glira zwischen Meisterschaft und Champions Hockey League auf 244 Eins\u00e4tze und gewann 2018 auch die Karl Nedwed Trophy.<\/span><\/div>\n<\/div>\n<div class=\"\" data-block=\"true\" data-editor=\"dgf0o\" data-offset-key=\"8ba98-0-0\">\n<div class=\"_1mf _1mj\" data-offset-key=\"8ba98-0-0\"><span data-offset-key=\"8ba98-0-0\">\u00a0<\/span><\/div>\n<\/div>\n<div class=\"\" data-block=\"true\" data-editor=\"dgf0o\" data-offset-key=\"9u393-0-0\">\n<div class=\"_1mf _1mj\" data-offset-key=\"9u393-0-0\"><span data-offset-key=\"9u393-1-0\">\u201eIch m\u00f6chte mich von Herzen bei Gesch\u00e4ftsf\u00fchrer Dieter Knoll, den Mitarbeitern und Mannschaftskollegen f\u00fcr diese vier wunderbaren Jahre bedanken. Der Gewinn der Meisterschaft im Jahr 2018 verbleibt f\u00fcr mich bis jetzt der sch\u00f6nste Moment in meinem Leben und meiner Karriere und er wird mich immer begleiten. Insbesondere m\u00f6chte ich mich bei meinen Fans bedanken: es war euer Verdienst, dass ich mich immer zuhause gef\u00fchlt habe und vor den fantastischen Zuschauern der Eiswelle zu spielen, war in jedem Match immer etwas Besonders\u201c.<\/span><\/div>\n<\/div>\n<div class=\"\" data-block=\"true\" data-editor=\"dgf0o\" data-offset-key=\"fmdhp-0-0\">\n<div class=\"_1mf _1mj\" data-offset-key=\"fmdhp-0-0\"><span data-offset-key=\"fmdhp-0-0\">\u00a0<\/span><\/div>\n<\/div>\n<div class=\"\" data-block=\"true\" data-editor=\"dgf0o\" data-offset-key=\"5ec1e-0-0\">\n<div class=\"_1mf _1mj\" data-offset-key=\"5ec1e-0-0\"><span data-offset-key=\"5ec1e-0-0\">Der HCB S\u00fcdtirol bedankt sich bei Daniel als Spieler und als Mensch, f\u00fcr seine Professionalit\u00e4t und seinen Einsatz im wei\u00dfroten Trikot. Viel Gl\u00fcck f\u00fcr deine sportliche und berufliche Zukunft Daniel! <\/span><\/div>\n<\/div>\n<div class=\"\" data-block=\"true\" data-editor=\"dgf0o\" data-offset-key=\"orkh-0-0\">\n<div class=\"_1mf _1mj\" data-offset-key=\"orkh-0-0\"><span data-offset-key=\"orkh-0-0\">\u00a0<\/span><\/div>\n<\/div>\n<div class=\"\" data-block=\"true\" data-editor=\"dgf0o\" data-offset-key=\"7lpdk-0-0\">\n<div class=\"_1mf _1mj\" data-offset-key=\"7lpdk-0-0\"><span data-offset-key=\"7lpdk-0-0\">Pressemitteilung HC Pustertal <\/span><span class=\"_3gl1 _5zz4\" data-offset-key=\"7lpdk-1-0\"><span class=\"_ncl\"><span data-offset-key=\"7lpdk-1-0\">\ud83d\udc49\ud83c\udffb<\/span><\/span><\/span><span data-offset-key=\"7lpdk-2-0\"> https:\/\/bit.ly\/3enOOHu<\/span><\/div>\n<\/div>\n","protected":false},"excerpt":{"rendered":"<p>Die Wege des HCB S\u00fcdtirol Alperia und von Daniel Glira trennen sich. Der Verteidiger, Jahrgang 1994, wird seine Karriere aus pers\u00f6nlichen und Studiengr\u00fcnden wieder im Trikot des HC Pustertal, den er 2016 Richtung Foxes verlassen hatte, in der Alps Hockey League fortsetzen. In den vier Jahren im wei\u00dfroten Trikot brachte es Glira zwischen Meisterschaft und [&hellip;]<\/p>\n","protected":false},"author":5,"featured_media":44919,"comment_status":"closed","ping_status":"closed","sticky":false,"template":"","format":"standard","meta":{"_acf_changed":false,"footnotes":""},"categories":[9],"tags":[],"class_list":["post-44921","post","type-post","status-publish","format-standard","has-post-thumbnail","hentry","category-news-team"],"acf":[],"_links":{"self":[{"href":"https:\/\/www.hcb.net\/de\/wp-json\/wp\/v2\/posts\/44921","targetHints":{"allow":["GET"]}}],"collection":[{"href":"https:\/\/www.hcb.net\/de\/wp-json\/wp\/v2\/posts"}],"about":[{"href":"https:\/\/www.hcb.net\/de\/wp-json\/wp\/v2\/types\/post"}],"author":[{"embeddable":true,"href":"https:\/\/www.hcb.net\/de\/wp-json\/wp\/v2\/users\/5"}],"replies":[{"embeddable":true,"href":"https:\/\/www.hcb.net\/de\/wp-json\/wp\/v2\/comments?post=44921"}],"version-history":[{"count":1,"href":"https:\/\/www.hcb.net\/de\/wp-json\/wp\/v2\/posts\/44921\/revisions"}],"predecessor-version":[{"id":44925,"href":"https:\/\/www.hcb.net\/de\/wp-json\/wp\/v2\/posts\/44921\/revisions\/44925"}],"wp:featuredmedia":[{"embeddable":true,"href":"https:\/\/www.hcb.net\/de\/wp-json\/wp\/v2\/media\/44919"}],"wp:attachment":[{"href":"https:\/\/www.hcb.net\/de\/wp-json\/wp\/v2\/media?parent=44921"}],"wp:term":[{"taxonomy":"category","embeddable":true,"href":"https:\/\/www.hcb.net\/de\/wp-json\/wp\/v2\/categories?post=44921"},{"taxonomy":"post_tag","embeddable":true,"href":"https:\/\/www.hcb.net\/de\/wp-json\/wp\/v2\/tags?post=44921"}],"curies":[{"name":"wp","href":"https:\/\/api.w.org\/{rel}","templated":true}]}}