{"id":606179,"date":"2024-05-23T07:00:23","date_gmt":"2024-05-23T06:00:23","guid":{"rendered":"https:\/\/www.hcb.net\/?p=606179"},"modified":"2024-05-23T11:36:15","modified_gmt":"2024-05-23T10:36:15","slug":"ein-neuzugang-fuer-die-bozner-defensive-jason-seed","status":"publish","type":"post","link":"https:\/\/www.hcb.net\/de\/ein-neuzugang-fuer-die-bozner-defensive-jason-seed\/","title":{"rendered":"Ein Neuzugang f\u00fcr die Bozner Defensive: Jason Seed"},"content":{"rendered":"<p>Der HCB S\u00fcdtirol Alperia teilt offiziell mit, den Verteidiger <strong>Jason Seed<\/strong> f\u00fcr die Saison 2024\/25 unter Vertrag genommen zu haben. Der 32-j\u00e4hrige Abwehrspieler, der vor wenigen Wochen mit der italienischen Nationalmannschaft die Heim WM bestritt, wird zuk\u00fcnftig im Bozner Trikot auflaufen, nachdem er die letzten beiden Saisonen in Cortina spielte.<\/p>\n<p>Seed, 88 Kilogramm auf 185 Zentimeter, ist ein solider und strukturierter Verteidiger, der sich prim\u00e4r auf seine defensiven Aufgaben konzentriert, aber auch Offensivchancen wahrnimmt.<\/p>\n<p><strong>Die Karriere<br \/>\n<\/strong>Nach einer Karriere in den nordamerikanischen Jugendligen, \u00fcbersiedelte der in Kanada geborene Seed mit 25 Jahren nach Europa zu Briancon in die 2 Franz\u00f6sische Liga, wo er zwei Saisonen verweilte und 41 Punkte in 59 Spielen erzielte. Im Anschluss wechselte der Verteidiger 2019 nach Polen, wo er zuerst eine Saison mit Podhale Nowy Targ spielte, gefolgt von 2 Spielzeiten mit GKS Tychy. In der polnischen Meisterschaft verbucht er in insgesamt 151 Spielen 82 Punkte (8 Tore und 74 Assists). Sein Italien Abenteuer beginnt hingegen im Jahr 2022, als er zu Cortina in die AlpsHl wechselt. In seinem ersten Jahr bei den Ampezzanern gewann er auf Anhieb die italienische Meisterschaft, sowie die Supercoppa. Ein Tripple war ihm leider nicht verg\u00f6nnt denn Cortina verliert das Finale der AlpsHL gegen Jesenice. In der abgelaufenen Spielzeit mussten sich die Cortinesen gleich doppelt geschlagen geben, denn sie verloren sei es das Finale der Italienmeisterschaft, als auch das Finale der Alps Hl jeweils gegen die Rittner Buam. \u00a0Insgesamt spielte Seed 119 Spiele mit Cortina und brachte es auf 9 Tore und 46 Assists. Seed bestritt zudem 13 Vorbereitungsspiele mit der italienischen Nationalmannschaft, ehe er f\u00fcr der WM der Division IA in Bozen offiziell in die Mannschaft einberufen wurde<\/p>\n<p>\u201eF\u00fcr mich war es eine einfache Entscheidung\u201c, best\u00e4tigt Seed, \u201eseit ich in Italien spiele, beziehungsweise seit ich mich f\u00fcr eine Karriere in Europa entschieden habe, war der HC Bozen mein erkl\u00e4rtes Ziel. Der Club ist reich an Tradition und sportlich immer stark und konkurrenzf\u00e4hig. Ich war dementsprechend sehr gl\u00fccklich, als ich von der Sportabteilung kontaktiert wurde und mir ein Angebot unterbreitet wurde, sei es f\u00fcr mich selbst, als auch f\u00fcr meine Familie.\u00a0 Ich bin mir bewusst, dass das Niveau im Vergleich zur AlpsHl bedeutend h\u00f6her ist, wei\u00df jedoch um meine St\u00e4rken: ein solides und temporeiches Defensivspiel, welches sich in dieser Liga bew\u00e4hren sollte. Dar\u00fcber hinaus freue ich mich auf die Unterst\u00fctzung der heimischen Fans. Bereits w\u00e4hrend der Weltmeisterschaften konnte ich mir einen Eindruck \u00fcber die fantastische Atmosph\u00e4re in Bozen machen, was meine Entscheidung f\u00fcr die Foxes nochmals best\u00e4rkte.\u201c<\/p>\n<p>Weitere Informationen \u00fcber Jason Seed: <a href=\"https:\/\/www.eliteprospects.com\/player\/45138\/jason-seed\">https:\/\/www.eliteprospects.com\/player\/45138\/jason-seed<\/a><\/p>\n","protected":false},"excerpt":{"rendered":"<p>Der HCB S\u00fcdtirol Alperia teilt offiziell mit, den Verteidiger Jason Seed f\u00fcr die Saison 2024\/25 unter Vertrag genommen zu haben. Der 32-j\u00e4hrige Abwehrspieler, der vor wenigen Wochen mit der italienischen Nationalmannschaft die Heim WM bestritt, wird zuk\u00fcnftig im Bozner Trikot auflaufen, nachdem er die letzten beiden Saisonen in Cortina spielte. Seed, 88 Kilogramm auf 185 [&hellip;]<\/p>\n","protected":false},"author":5,"featured_media":606177,"comment_status":"closed","ping_status":"closed","sticky":false,"template":"","format":"standard","meta":{"_acf_changed":false,"footnotes":""},"categories":[9],"tags":[],"class_list":["post-606179","post","type-post","status-publish","format-standard","has-post-thumbnail","hentry","category-news-team"],"acf":[],"_links":{"self":[{"href":"https:\/\/www.hcb.net\/de\/wp-json\/wp\/v2\/posts\/606179","targetHints":{"allow":["GET"]}}],"collection":[{"href":"https:\/\/www.hcb.net\/de\/wp-json\/wp\/v2\/posts"}],"about":[{"href":"https:\/\/www.hcb.net\/de\/wp-json\/wp\/v2\/types\/post"}],"author":[{"embeddable":true,"href":"https:\/\/www.hcb.net\/de\/wp-json\/wp\/v2\/users\/5"}],"replies":[{"embeddable":true,"href":"https:\/\/www.hcb.net\/de\/wp-json\/wp\/v2\/comments?post=606179"}],"version-history":[{"count":3,"href":"https:\/\/www.hcb.net\/de\/wp-json\/wp\/v2\/posts\/606179\/revisions"}],"predecessor-version":[{"id":606186,"href":"https:\/\/www.hcb.net\/de\/wp-json\/wp\/v2\/posts\/606179\/revisions\/606186"}],"wp:featuredmedia":[{"embeddable":true,"href":"https:\/\/www.hcb.net\/de\/wp-json\/wp\/v2\/media\/606177"}],"wp:attachment":[{"href":"https:\/\/www.hcb.net\/de\/wp-json\/wp\/v2\/media?parent=606179"}],"wp:term":[{"taxonomy":"category","embeddable":true,"href":"https:\/\/www.hcb.net\/de\/wp-json\/wp\/v2\/categories?post=606179"},{"taxonomy":"post_tag","embeddable":true,"href":"https:\/\/www.hcb.net\/de\/wp-json\/wp\/v2\/tags?post=606179"}],"curies":[{"name":"wp","href":"https:\/\/api.w.org\/{rel}","templated":true}]}}