{"id":987968,"date":"2025-06-19T06:59:43","date_gmt":"2025-06-19T05:59:43","guid":{"rendered":"https:\/\/www.hcb.net\/?p=987968"},"modified":"2025-06-19T06:59:43","modified_gmt":"2025-06-19T05:59:43","slug":"gianluca-vallini-bleibt-in-bozen","status":"publish","type":"post","link":"https:\/\/www.hcb.net\/de\/gianluca-vallini-bleibt-in-bozen\/","title":{"rendered":"Gianluca Vallini bleibt in Bozen"},"content":{"rendered":"<p>Der HCB S\u00fcdtirol Alperia gibt offiziell die Vertragsverl\u00e4ngerung mit dem Bozner Torh\u00fcter <strong>Gianluca Vallini <\/strong>f\u00fcr die Saison 2025\/26 bekannt. F\u00fcr den 31-J\u00e4hrigen wird es die dritte Spielzeit als Back-up-Goalie der Wei\u00df-Roten sein. Wie bereits in der vergangenen Saison wird er gemeinsam mit Sam Harvey das Torh\u00fcter-Duo bilden.<\/p>\n<p>In seinen ersten beiden Jahren beim HCB best\u00e4tigte Vallini seine Rolle als zuverl\u00e4ssiger und qualitativ starker zweiter Torh\u00fcter. In der Saison 2023\/24 beendete er die Spielzeit mit einer Fangquote von 93,4%, im darauffolgenden Jahr mit 89,3%. \u201eJonny\u201c kann eine pers\u00f6nliche Bilanz von 20 Siegen und 4 Niederlagen zwischen ICEHL und Champions Hockey League vorweisen \u2013 das entspricht einer Siegquote von 83,3%. Insgesamt brachte er es bisher auf vier Shutouts.<\/p>\n<p>\u201eIch bin hier geboren und bin mit dem HCB aufgewachsen\u201c, erkl\u00e4rt Vallini. \u201eF\u00fcr mich ist es eine unbeschreibliche Ehre, dieses Trikot tragen zu d\u00fcrfen. Die Atmosph\u00e4re in der Kabine ist immer besonders: Die Erwartungen sind hoch und das motiviert uns, das Level st\u00e4ndig zu steigern. Auch f\u00fcr die kommende Saison wurde ein sehr konkurrenzf\u00e4higes Team zusammengestellt. Sam ist ein gro\u00dfartiger Torh\u00fcter, wir verstehen uns sehr gut. Was mich betrifft: Ich werde bereit sein, sobald ich gebraucht werde.\u201c<\/p>\n<p><strong>Karriere<br \/>\n<\/strong>Vallini wurde beim EV Bozen ausgebildet und verbrachte anschlie\u00dfend zwei Jahre in den USA. In der Saison 2012\/13 feierte er sein Deb\u00fct in der Serie A mit dem HC Fassa. Danach spielte er f\u00fcr den EV Bozen, den HC Eppan und den HC Gherd\u00ebina \u2013 mit letzteren stieg er 2016 in die AlpsHL ein und wurde Teil der italienischen Nationalmannschaft. Zwischen 2017 und 2019 stand er beim WSV Sterzing unter Vertrag, bevor er zum HC Asiago wechselte. Mit den \u201eStellati\u201c gewann er in vier Spielzeiten zwei italienische Meisterschaften, zwei Supercoppa-Titel und eine AlpsHL. Vallini \u00fcberzeugte dabei stets mit hoher Konstanz und starken Statistiken: 92,4% Fangquote in der AlpsHL und 90,9% in 21 ICEHL-Eins\u00e4tzen in seiner ersten Saison mit Asiago. Dann der Wechsel zur\u00fcck in die Heimat, nach Bozen \u2013 wo er seine Leistungen nochmals steigern konnte.<\/p>\n<p>Mehr Infos zu Gianluca Vallini: <a href=\"https:\/\/www.eliteprospects.com\/player\/67634\/gianluca-vallini\">https:\/\/www.eliteprospects.com\/player\/67634\/gianluca-vallini<\/a><\/p>\n","protected":false},"excerpt":{"rendered":"<p>Der HCB S\u00fcdtirol Alperia gibt offiziell die Vertragsverl\u00e4ngerung mit dem Bozner Torh\u00fcter Gianluca Vallini f\u00fcr die Saison 2025\/26 bekannt. F\u00fcr den 31-J\u00e4hrigen wird es die dritte Spielzeit als Back-up-Goalie der Wei\u00df-Roten sein. Wie bereits in der vergangenen Saison wird er gemeinsam mit Sam Harvey das Torh\u00fcter-Duo bilden. In seinen ersten beiden Jahren beim HCB best\u00e4tigte [&hellip;]<\/p>\n","protected":false},"author":5,"featured_media":987966,"comment_status":"closed","ping_status":"closed","sticky":false,"template":"","format":"standard","meta":{"_acf_changed":false,"footnotes":""},"categories":[9],"tags":[],"class_list":["post-987968","post","type-post","status-publish","format-standard","has-post-thumbnail","hentry","category-news-team"],"acf":[],"_links":{"self":[{"href":"https:\/\/www.hcb.net\/de\/wp-json\/wp\/v2\/posts\/987968","targetHints":{"allow":["GET"]}}],"collection":[{"href":"https:\/\/www.hcb.net\/de\/wp-json\/wp\/v2\/posts"}],"about":[{"href":"https:\/\/www.hcb.net\/de\/wp-json\/wp\/v2\/types\/post"}],"author":[{"embeddable":true,"href":"https:\/\/www.hcb.net\/de\/wp-json\/wp\/v2\/users\/5"}],"replies":[{"embeddable":true,"href":"https:\/\/www.hcb.net\/de\/wp-json\/wp\/v2\/comments?post=987968"}],"version-history":[{"count":1,"href":"https:\/\/www.hcb.net\/de\/wp-json\/wp\/v2\/posts\/987968\/revisions"}],"predecessor-version":[{"id":987969,"href":"https:\/\/www.hcb.net\/de\/wp-json\/wp\/v2\/posts\/987968\/revisions\/987969"}],"wp:featuredmedia":[{"embeddable":true,"href":"https:\/\/www.hcb.net\/de\/wp-json\/wp\/v2\/media\/987966"}],"wp:attachment":[{"href":"https:\/\/www.hcb.net\/de\/wp-json\/wp\/v2\/media?parent=987968"}],"wp:term":[{"taxonomy":"category","embeddable":true,"href":"https:\/\/www.hcb.net\/de\/wp-json\/wp\/v2\/categories?post=987968"},{"taxonomy":"post_tag","embeddable":true,"href":"https:\/\/www.hcb.net\/de\/wp-json\/wp\/v2\/tags?post=987968"}],"curies":[{"name":"wp","href":"https:\/\/api.w.org\/{rel}","templated":true}]}}