{"id":990726,"date":"2025-06-24T06:59:58","date_gmt":"2025-06-24T05:59:58","guid":{"rendered":"https:\/\/www.hcb.net\/?p=990726"},"modified":"2025-06-24T06:59:58","modified_gmt":"2025-06-24T05:59:58","slug":"kapitaen-daniel-frank-geht-in-seine-13-saison-mit-dem-hcb-suedtirol-alperia","status":"publish","type":"post","link":"https:\/\/www.hcb.net\/de\/kapitaen-daniel-frank-geht-in-seine-13-saison-mit-dem-hcb-suedtirol-alperia\/","title":{"rendered":"Kapit\u00e4n Daniel Frank geht in seine 13. Saison mit dem HCB S\u00fcdtirol Alperia"},"content":{"rendered":"<p>Der HCB S\u00fcdtirol Alperia gibt offiziell bekannt, dass der Vertrag mit Kapit\u00e4n Daniel Frank f\u00fcr die Saison 2025\/26 verl\u00e4ngert wurde. Der 31-j\u00e4hrige S\u00fcdtiroler St\u00fcrmer wird somit seine 13. Saison im wei\u00df-roten Trikot bestreiten und damit den vorherigen Kapit\u00e4n Anton Bernard einholen.<\/p>\n<p>\u201eFrankie\u201c hat bereits 657 Spiele f\u00fcr den HCB absolviert und geh\u00f6rt zu den Rekordspielern der Vereinsgeschichte. Sein n\u00e4chstes Ziel ist der vierte Platz der ewigen Bestenliste (laut Eliteprospects), der derzeit von Stefan Zisser gehalten wird, der 2015 mit 685 Spielen seine Karriere beendete. Frank, der seit 2022 Kapit\u00e4n ist, hat in seiner Laufbahn zwei Karl Nedwed Trophies (2014 und 2018) gewonnen und zwei weitere Finalserien bestritten.<\/p>\n<p>\u201eDas Trikot von Bozen ist meine zweite Haut\u201c, erkl\u00e4rt der Kapit\u00e4n. \u201eDie vergangene Saison war k\u00f6rperlich sehr schwierig f\u00fcr mich, aber die Verletzung ist vollst\u00e4ndig auskuriert und ich bin bereit, die n\u00e4chste Spielzeit in Bestform anzugehen. Es wird wichtig sein, konzentriert zu bleiben, denn die Doppelbelastung wird sicherlich herausfordernd. Deshalb ist nicht nur die k\u00f6rperliche, sondern auch die mentale St\u00e4rke und der Teamzusammenhalt entscheidend \u2013 diese Faktoren m\u00fcssen uns die ganze Saison begleiten. Bozen ist ein besonderer Ort, der das Beste verdient: Die Fans geben auf den R\u00e4ngen alles, und wir m\u00fcssen auf dem Eis jeden Tropfen Schwei\u00df lassen. Es darf keine Kompromisse geben, wenn wir bis zum Ende kommen wollen.\u201c<\/p>\n<p><strong>Die Karriere<br \/>\n<\/strong>Daniel Frank kam 2013 im ersten EBEL-Jahr nach Bozen, nachdem er zuvor in der Jugend der Red Bull Academy und Kaufbeuren sowie eine Saison in der Serie A2 mit Meran gespielt hatte. Seitdem hat er sich zu einem der beliebtesten Spieler der j\u00fcngeren Vereinsgeschichte entwickelt. Im wei\u00df-roten Trikot gewann er zwei Meistertitel (2014 und 2018), bestritt zwei weitere Finalserien und nahm an vier Ausgaben der Champions Hockey League teil. Nachdem er zuvor das \u201eA\u201c des Assistenzkapit\u00e4ns getragen hatte, wurde er 2022 zum neuen Kapit\u00e4n ernannt.<\/p>\n<p>Frank absolvierte zudem 92 Spiele f\u00fcr die italienische Nationalmannschaft, f\u00fcr die er sowohl als Kapit\u00e4n als auch als Assistenzkapit\u00e4n im Einsatz war. Er spielte bei drei Weltmeisterschaften der Top-Division sowie bei einer Weltmeisterschaft der Division I Gruppe A.<\/p>\n<p>Weitere Informationen \u00fcber Daniel Frank: <a href=\"https:\/\/www.eliteprospects.com\/player\/99492\/daniel-frank\">https:\/\/www.eliteprospects.com\/player\/99492\/daniel-frank<\/a><\/p>\n","protected":false},"excerpt":{"rendered":"<p>Der HCB S\u00fcdtirol Alperia gibt offiziell bekannt, dass der Vertrag mit Kapit\u00e4n Daniel Frank f\u00fcr die Saison 2025\/26 verl\u00e4ngert wurde. Der 31-j\u00e4hrige S\u00fcdtiroler St\u00fcrmer wird somit seine 13. Saison im wei\u00df-roten Trikot bestreiten und damit den vorherigen Kapit\u00e4n Anton Bernard einholen. \u201eFrankie\u201c hat bereits 657 Spiele f\u00fcr den HCB absolviert und geh\u00f6rt zu den Rekordspielern [&hellip;]<\/p>\n","protected":false},"author":5,"featured_media":990724,"comment_status":"closed","ping_status":"closed","sticky":false,"template":"","format":"standard","meta":{"_acf_changed":false,"footnotes":""},"categories":[9],"tags":[],"class_list":["post-990726","post","type-post","status-publish","format-standard","has-post-thumbnail","hentry","category-news-team"],"acf":[],"_links":{"self":[{"href":"https:\/\/www.hcb.net\/de\/wp-json\/wp\/v2\/posts\/990726","targetHints":{"allow":["GET"]}}],"collection":[{"href":"https:\/\/www.hcb.net\/de\/wp-json\/wp\/v2\/posts"}],"about":[{"href":"https:\/\/www.hcb.net\/de\/wp-json\/wp\/v2\/types\/post"}],"author":[{"embeddable":true,"href":"https:\/\/www.hcb.net\/de\/wp-json\/wp\/v2\/users\/5"}],"replies":[{"embeddable":true,"href":"https:\/\/www.hcb.net\/de\/wp-json\/wp\/v2\/comments?post=990726"}],"version-history":[{"count":1,"href":"https:\/\/www.hcb.net\/de\/wp-json\/wp\/v2\/posts\/990726\/revisions"}],"predecessor-version":[{"id":990727,"href":"https:\/\/www.hcb.net\/de\/wp-json\/wp\/v2\/posts\/990726\/revisions\/990727"}],"wp:featuredmedia":[{"embeddable":true,"href":"https:\/\/www.hcb.net\/de\/wp-json\/wp\/v2\/media\/990724"}],"wp:attachment":[{"href":"https:\/\/www.hcb.net\/de\/wp-json\/wp\/v2\/media?parent=990726"}],"wp:term":[{"taxonomy":"category","embeddable":true,"href":"https:\/\/www.hcb.net\/de\/wp-json\/wp\/v2\/categories?post=990726"},{"taxonomy":"post_tag","embeddable":true,"href":"https:\/\/www.hcb.net\/de\/wp-json\/wp\/v2\/tags?post=990726"}],"curies":[{"name":"wp","href":"https:\/\/api.w.org\/{rel}","templated":true}]}}