{"id":996242,"date":"2025-07-01T06:59:34","date_gmt":"2025-07-01T05:59:34","guid":{"rendered":"https:\/\/www.hcb.net\/?p=996242"},"modified":"2025-07-01T06:59:34","modified_gmt":"2025-07-01T05:59:34","slug":"jason-seed-geht-in-sein-zweites-jahr-in-bozen","status":"publish","type":"post","link":"https:\/\/www.hcb.net\/de\/jason-seed-geht-in-sein-zweites-jahr-in-bozen\/","title":{"rendered":"Jason Seed geht in sein zweites Jahr in Bozen"},"content":{"rendered":"<p>Der HCB S\u00fcdtirol Alperia gibt offiziell bekannt, dass der Vertrag mit dem italienischen Nationalverteidiger Jason Seed f\u00fcr die Saison 2025\/26 verl\u00e4ngert wurde. F\u00fcr den 33-J\u00e4hrigen wird es die zweite Saison im wei\u00df-roten Trikot.<\/p>\n<p>Seed kam letztes Jahr nach Bozen, nachdem er zuvor zwei Jahre in Cortina gespielt hatte. In seiner ersten ICEHL-Saison zeigte er sich als solider und verl\u00e4sslicher Verteidiger und sammelte 21 Punkte in 59 Spielen (4 Tore, 17 Assists). Zudem beendete er die Saison mit einem Plus\/Minus-Wert von +18, dem drittbesten der Mannschaft. Vor zwei Monaten nahm er au\u00dferdem an seiner zweiten Weltmeisterschaft der Division IA mit der italienischen Nationalmannschaft teil, mit der er den Aufstieg schaffte. Dabei steuerte er zwei Assists und einen Plus\/Minus-Wert von +5 bei.<\/p>\n<p>\u201eIch freue mich, f\u00fcr eine weitere Saison nach Bozen zur\u00fcckzukehren\u201c, erkl\u00e4rt Seed. \u201eIch bin dankbar f\u00fcr die Gelegenheit und \u00fcberzeugt, dass wir auf dem aufbauen k\u00f6nnen, was wir letzte Saison erreicht haben, um unserem Ziel, den Pokal zu holen, einen deutlichen Schritt n\u00e4herzukommen. Ich kann den Start im August kaum erwarten. Bis bald \u2013 Go Foxes!\u201c<\/p>\n<p><strong>Karriere<br \/>\n<\/strong>Nach seiner Zeit in den nordamerikanischen Nachwuchsligen wechselte Seed mit 25 Jahren nach Europa, genauer gesagt nach Brian\u00e7on in die zweite franz\u00f6sische Liga, wo er in zwei Saisons 41 Punkte in 59 Spielen sammelte. 2019 ging es weiter nach Polen, wo er ein Jahr f\u00fcr Podhale Nowy Targ und zwei Jahre f\u00fcr GKS Tychy spielte. Insgesamt absolvierte er 151 Spiele in der polnischen Liga und erzielte dabei 82 Punkte (8 Tore, 64 Assists). Seine Italien-Karriere begann 2022 in Cortina in der AlpsHL. In seinem ersten Jahr gewann er mit den Ampezzaner den Meistertitel (sowie den Italienischen Supercup), verlor jedoch das AlpsHL-Finale gegen Jesenice. Ein \u00e4hnliches Schicksal ereilte ihn in der darauffolgenden Saison, als er im Finale gegen die Rittner Buam unterlag \u2013 die Mannschaft, gegen die er im Januar auch den Scudetto verloren hatte. In 119 Spielen f\u00fcr Cortina gelangen ihm 9 Tore und 46 Assists. Im selben Zeitraum wurde Seed, nachdem er spielberechtigt war, in die italienische Nationalmannschaft berufen, mit Eins\u00e4tzen bei der Heim-WM der Division I Gruppe A in Bozen und zuletzt bei der WM im rum\u00e4nischen Sf\u00e2ntu Gheorghe.<\/p>\n<p>Weitere Informationen \u00fcber Jason Seed: <a href=\"https:\/\/www.eliteprospects.com\/player\/45138\/jason-seed\">https:\/\/www.eliteprospects.com\/player\/45138\/jason-seed<\/a><\/p>\n","protected":false},"excerpt":{"rendered":"<p>Der HCB S\u00fcdtirol Alperia gibt offiziell bekannt, dass der Vertrag mit dem italienischen Nationalverteidiger Jason Seed f\u00fcr die Saison 2025\/26 verl\u00e4ngert wurde. F\u00fcr den 33-J\u00e4hrigen wird es die zweite Saison im wei\u00df-roten Trikot. Seed kam letztes Jahr nach Bozen, nachdem er zuvor zwei Jahre in Cortina gespielt hatte. In seiner ersten ICEHL-Saison zeigte er sich [&hellip;]<\/p>\n","protected":false},"author":5,"featured_media":996240,"comment_status":"closed","ping_status":"closed","sticky":false,"template":"","format":"standard","meta":{"_acf_changed":false,"footnotes":""},"categories":[9],"tags":[],"class_list":["post-996242","post","type-post","status-publish","format-standard","has-post-thumbnail","hentry","category-news-team"],"acf":[],"_links":{"self":[{"href":"https:\/\/www.hcb.net\/de\/wp-json\/wp\/v2\/posts\/996242","targetHints":{"allow":["GET"]}}],"collection":[{"href":"https:\/\/www.hcb.net\/de\/wp-json\/wp\/v2\/posts"}],"about":[{"href":"https:\/\/www.hcb.net\/de\/wp-json\/wp\/v2\/types\/post"}],"author":[{"embeddable":true,"href":"https:\/\/www.hcb.net\/de\/wp-json\/wp\/v2\/users\/5"}],"replies":[{"embeddable":true,"href":"https:\/\/www.hcb.net\/de\/wp-json\/wp\/v2\/comments?post=996242"}],"version-history":[{"count":1,"href":"https:\/\/www.hcb.net\/de\/wp-json\/wp\/v2\/posts\/996242\/revisions"}],"predecessor-version":[{"id":996243,"href":"https:\/\/www.hcb.net\/de\/wp-json\/wp\/v2\/posts\/996242\/revisions\/996243"}],"wp:featuredmedia":[{"embeddable":true,"href":"https:\/\/www.hcb.net\/de\/wp-json\/wp\/v2\/media\/996240"}],"wp:attachment":[{"href":"https:\/\/www.hcb.net\/de\/wp-json\/wp\/v2\/media?parent=996242"}],"wp:term":[{"taxonomy":"category","embeddable":true,"href":"https:\/\/www.hcb.net\/de\/wp-json\/wp\/v2\/categories?post=996242"},{"taxonomy":"post_tag","embeddable":true,"href":"https:\/\/www.hcb.net\/de\/wp-json\/wp\/v2\/tags?post=996242"}],"curies":[{"name":"wp","href":"https:\/\/api.w.org\/{rel}","templated":true}]}}