{"id":1031806,"date":"2025-08-08T14:04:27","date_gmt":"2025-08-08T13:04:27","guid":{"rendered":"https:\/\/www.hcb.net\/?p=1031806"},"modified":"2025-08-08T14:04:27","modified_gmt":"2025-08-08T13:04:27","slug":"daniel-goller-e-daniel-peruzzo-completano-il-coaching-staff-dei-foxes","status":"publish","type":"post","link":"https:\/\/www.hcb.net\/it\/daniel-goller-e-daniel-peruzzo-completano-il-coaching-staff-dei-foxes\/","title":{"rendered":"Daniel Goller e Daniel Peruzzo completano il coaching staff dei Foxes"},"content":{"rendered":"<p>Completati i lavori per il roster, l\u2019HCB Alto Adige Alperia \u00e8 felice di comunicare altri due innesti per il coaching staff. A supporto del capo allenatore Kurt Kleinendorst e dell\u2019associato Fabio Armani, da quest\u2019anno i biancorossi potranno contare su un goalie coach del calibro di <strong>Daniel Goller<\/strong>. Nel ruolo di preparatore atletico viene confermato per la seconda stagione consecutiva <strong>Daniel Peruzzo<\/strong>.<\/p>\n<p>Il 43enne altoatesino <strong>Daniel Goller <\/strong>torna in Italia dopo diversi anni all\u2019estero. La sua carriera da allenatore di portieri inizia nel 2008, a Caldaro, e prosegue poi all\u2019EV Bozen, ai Jungfalken Heilbronn e a Merano. Nel frattempo si occupa anche della Nazionali italiane giovanili U20 e U18. A inizio 2013 collabora per la prima volta con il Bolzano e sul piano internazionale segue la Lituania alle qualificazioni olimpiche e ai Mondiali Divisione IB. Nel 2015 si sposta in INL, al Bregenzerwald, come assistant e goalie coach. Nelle due stagioni successive torna in Alto Adige, tra Cortina, Gherdeina e Vipiteno, nel 2022 invece la sua prima esperienza in ICEHL, come allenatore dei portieri dei Vienna Capitals, e in Oberliga S\u00fcd con i T\u00f6lzer L\u00f6wen. Nella stagione 2023\/24 \u00e8 sia in DEL, con i N\u00fcrnberg IceTigers, sia in campo internazionale con la Nazionale ungherese: da goalie e video coach dei magiari ottiene l\u2019oro al Mondiale Divisione IA di Bolzano. L\u2019anno scorso \u00e8 rimasto in DEL, questa volta con i L\u00f6wen Frankfurt, sempre nel doppio ruolo di goalie e video coach. Si \u00e8 occupato inoltre di sviluppo dei portieri e ha curato numerosi camp in tutto il mondo.<\/p>\n<p><a href=\"https:\/\/www.hcb.net\/a9243ee7cdcd4f3a\/1032190\/c\/fit-in\/0x0\/filters:no_upscale()\/filters:strip_exif()\/daniel-peruzzo-min.jpg\"><img loading=\"lazy\" decoding=\"async\" class=\"alignright wp-image-1032190\" src=\"https:\/\/www.hcb.net\/a9243ee7cdcd4f3a\/1032190\/c\/fit-in\/1024x683\/filters:no_upscale()\/filters:strip_exif()\/daniel-peruzzo-min.jpg\" alt=\"\" width=\"501\" height=\"334\" data-headline=\"Daniel Peruzzo-min\" srcset=\"https:\/\/www.hcb.net\/a9243ee7cdcd4f3a\/1032190\/c\/fit-in\/300x200\/filters:no_upscale()\/filters:strip_exif()\/daniel-peruzzo-min.jpg 300w, https:\/\/www.hcb.net\/a9243ee7cdcd4f3a\/1032190\/c\/fit-in\/768x512\/filters:no_upscale()\/filters:strip_exif()\/daniel-peruzzo-min.jpg 768w, https:\/\/www.hcb.net\/a9243ee7cdcd4f3a\/1032190\/c\/fit-in\/90x60\/filters:no_upscale()\/filters:strip_exif()\/daniel-peruzzo-min.jpg 90w, https:\/\/www.hcb.net\/a9243ee7cdcd4f3a\/1032190\/c\/fit-in\/600x400\/filters:no_upscale()\/filters:strip_exif()\/daniel-peruzzo-min.jpg 600w, https:\/\/www.hcb.net\/a9243ee7cdcd4f3a\/1032190\/c\/fit-in\/1024x683\/filters:no_upscale()\/filters:strip_exif()\/daniel-peruzzo-min.jpg 1024w\" sizes=\"auto, (max-width: 501px) 100vw, 501px\" \/><\/a>Per lo strenght &amp; conditioning coach <strong>Daniel Peruzzo<\/strong>, come anticipato, si tratter\u00e0 della seconda stagione in questo ruolo a Bolzano. Il 40enne, dopo una lunga carriera hockeystica che l\u2019ha visto crescere nelle giovanili biancorosse e poi disputare con i Foxes 54 partite in Serie A tra il 2003 e il 2007, da 11 anni si \u00e8 specializzato in preparazione atletica, seguendo l\u2019HC Appiano e dall\u2019anno scorso anche il Bolzano. Il suo lavoro sar\u00e0 importante nel corso di tutta la stagione e in particolar modo in questo avvio, con i Foxes che a partire da sabato 9 agosto saranno impegnati nel ritiro di Corvara in Badia.<\/p>\n","protected":false},"excerpt":{"rendered":"<p>Completati i lavori per il roster, l\u2019HCB Alto Adige Alperia \u00e8 felice di comunicare altri due innesti per il coaching staff. A supporto del capo allenatore Kurt Kleinendorst e dell\u2019associato Fabio Armani, da quest\u2019anno i biancorossi potranno contare su un goalie coach del calibro di Daniel Goller. Nel ruolo di preparatore atletico viene confermato per [&hellip;]<\/p>\n","protected":false},"author":5,"featured_media":1032007,"comment_status":"closed","ping_status":"closed","sticky":false,"template":"","format":"standard","meta":{"_acf_changed":false,"footnotes":""},"categories":[12],"tags":[],"class_list":["post-1031806","post","type-post","status-publish","format-standard","has-post-thumbnail","hentry","category-news-team-2"],"acf":[],"_links":{"self":[{"href":"https:\/\/www.hcb.net\/it\/wp-json\/wp\/v2\/posts\/1031806","targetHints":{"allow":["GET"]}}],"collection":[{"href":"https:\/\/www.hcb.net\/it\/wp-json\/wp\/v2\/posts"}],"about":[{"href":"https:\/\/www.hcb.net\/it\/wp-json\/wp\/v2\/types\/post"}],"author":[{"embeddable":true,"href":"https:\/\/www.hcb.net\/it\/wp-json\/wp\/v2\/users\/5"}],"replies":[{"embeddable":true,"href":"https:\/\/www.hcb.net\/it\/wp-json\/wp\/v2\/comments?post=1031806"}],"version-history":[{"count":2,"href":"https:\/\/www.hcb.net\/it\/wp-json\/wp\/v2\/posts\/1031806\/revisions"}],"predecessor-version":[{"id":1032192,"href":"https:\/\/www.hcb.net\/it\/wp-json\/wp\/v2\/posts\/1031806\/revisions\/1032192"}],"wp:featuredmedia":[{"embeddable":true,"href":"https:\/\/www.hcb.net\/it\/wp-json\/wp\/v2\/media\/1032007"}],"wp:attachment":[{"href":"https:\/\/www.hcb.net\/it\/wp-json\/wp\/v2\/media?parent=1031806"}],"wp:term":[{"taxonomy":"category","embeddable":true,"href":"https:\/\/www.hcb.net\/it\/wp-json\/wp\/v2\/categories?post=1031806"},{"taxonomy":"post_tag","embeddable":true,"href":"https:\/\/www.hcb.net\/it\/wp-json\/wp\/v2\/tags?post=1031806"}],"curies":[{"name":"wp","href":"https:\/\/api.w.org\/{rel}","templated":true}]}}