{"id":1108773,"date":"2025-09-25T11:14:51","date_gmt":"2025-09-25T10:14:51","guid":{"rendered":"https:\/\/www.hcb.net\/?p=1108773"},"modified":"2025-09-25T11:14:51","modified_gmt":"2025-09-25T10:14:51","slug":"doppio-impegno-casalingo-per-i-foxes-venerdi-il-ferencvaros-domenica-il-linz","status":"publish","type":"post","link":"https:\/\/www.hcb.net\/it\/doppio-impegno-casalingo-per-i-foxes-venerdi-il-ferencvaros-domenica-il-linz\/","title":{"rendered":"Doppio impegno casalingo per i Foxes \u2013 Venerd\u00ec il Ferencvaros, domenica il Linz"},"content":{"rendered":"<p>Dopo un weekend \u201con the road\u201d da sei punti, l\u2019HCB Alto Adige Alperia scalda i motori in vista del terzo finesettimana di ICE Hockey League. I Foxes scenderanno per due volte sul ghiaccio di casa: domani, venerd\u00ec 26 settembre, alle ore 19:45 \u00e8 in programma la sfida contro la nuova arrivata della lega, l\u2019<strong>FTC-Telekom<\/strong>, mentre domenica 28 settembre, alle 18:00, il big match contro gli <strong>Steinbach Black Wings Linz<\/strong>. Per la sfida di <strong>venerd\u00ec sera<\/strong> la societ\u00e0 ha organizzato la <strong>Uni&amp;Youth Night<\/strong>, con biglietti a 1\u20ac per tutti gli studenti fino a 25 anni.<\/p>\n<p><strong>L\u2019FTC-Telekom<br \/>\n<\/strong>Il Ferencv\u00e1rosi Torna Club \u00e8 il nuovo attore della ICEHL, che di fatto \u00e8 andato a sostituire l\u2019Asiago. Quella ungherese \u00e8 una societ\u00e0 di grande tradizione \u2013 31 volte campione d\u2019Ungheria \u2013 che il Bolzano ha gi\u00e0 affrontato ben 52 anni fa. \u00a0Nel 1973 i biancorossi erano reduci dal secondo Scudetto, vinto contro il Cortina nella \u201cfinalissima\u201d di Ortisei, quella della rimonta leggendaria da 1:4 a 5:4 in appena sette minuti del terzo tempo. Il 13 ottobre 1973 \u00e8 una data storica per l\u2019hockey a Bolzano, perch\u00e9 segna l\u2019esordio dell\u2019HCB nelle coppe IIHF. Davanti ai 2.000 spettatori del Palafiera di via Roma, il Ferencv\u00e1rosi TC vinse l\u2019andata del primo turno di Coppa Europa per 4 a 6: per l\u2019HCB andarono a segno Jaroslav Pavlu, Norbert Gasser, Rolly Benvenuti e Georg Gasser. Gli ungheresi vinsero anche il ritorno, stoppando il percorso dell\u2019HCB in un torneo poi vinto dal CSKA Mosca.<\/p>\n<p>Tornando ai giorni nostri, l\u2019FTC-Telekom \u2013 oltre a essersi laureato campione ungherese per sei stagioni consecutive tra il 2018 e il 2024 \u2013 ha anche vinto per due volte la Erste Liga, campionato comprendente compagini magiare e rumene. Un sodalizio polisportivo fortemente radicato nell\u2019omonimo distretto della capitale Budapest, fondato nel 1899 e comprendente anche la principale squadra di calcio della citt\u00e0, oltre a pallanuoto, pallamano, calcio a cinque, ciclismo, ginnastica, atletica, lotta, curling e naturalmente l\u2019hockey su ghiaccio.<\/p>\n<p>Nel corso dell\u2019estate la decisione di iscriversi alla ICEHL, con un successivo forte mercato di rinforzo. A difesa della gabbia c\u2019\u00e8 il goalie della nazionale ungherese, Bence Balizs, vincitore della medaglia d\u2019oro al Mondiale Divisione IA di Bolzano nel 2024 e reduce da due stagioni in Norvegia. Una compagine allenata dal finlandese Timo Saarikoski, che ha portato a Budapest diversi connazionali e scandinavi: ben quattro in difesa (tre svedesi e un finlandese) e tre in attacco, tra cui anche il 21enne finlandese due volte campione della Liiga e una volta vincitore della Champions Hockey League Topi R\u00f6nni. Nel roster trovano per\u00f2 spazio anche due volti noti: l\u2019ex-Innsbruck Brady Shaw, MVP della ICEHL 2022\/23, e l\u2019ex-Val Pusteria Tyler Coulter, che insieme a Maxime Trepanier rappresentano il nucleo nordamericano della squadra.<\/p>\n<p>Nelle prime quattro uscite il Ferencvaros ha rimediato tre sconfitte consecutive (2:4 contro Villach, 2:3 OT contro Vienna e 2:6 contro il KAC, prima di ottenere il primo successo nell\u2019ultima giornata contro l\u2019Innsbruck (6:2). \u201cE\u2019 stato un grande sollievo vincere la prima partita \u2013 ha detto al riguardo il GM Fodor Szabolcs \u2013, giocheremo con un peso in meno sulle spalle perch\u00e9 i giocatori non si chiederanno pi\u00f9 quando arriver\u00e0 la vittoria. Per noi \u00e8 una stagione di apprendimento, ma questo club punta sempre a vincere ed \u00e8 quello che proveremo a fare ogni partita\u201d.<\/p>\n<p><strong>Il Linz<br \/>\n<\/strong>Quella contro i Black Wings, \u00e8 noto, \u00e8 per i Foxes una delle pi\u00f9 grandi rivalit\u00e0 della ICE Hockey League. Tre sfide consecutive ai quarti di finale playoffs tra il 2015 e il 2017 e un\u2019altra nel 2023 hanno contribuito a rendere questo duello un vero e proprio \u201cmust\u201d per i tifosi. Dopo alcuni anni di difficolt\u00e0 il Linz \u00e8 tornato a fare la voce grossa in campionato, anche grazie al ciclo iniziato da coach Philipp Lukas: nelle ultime due stagioni i Black Wings hanno chiuso sempre in \u201ctop five\u201d, fermandosi ai quarti e in semifinale. Una squadra che \u00e8 in gran parte lo specchio di quella dell\u2019anno scorso, guidata dall\u2019esperienza del \u201csolito\u201d Brian Lebler e di Rasmus Tirronen tra i pali, e con alcuni volti nuovi: in difesa il canadese Ryan MacKinnon, reduce dalla sua prima stagione europea in Slovacchia con 33 punti all\u2019attivo, e in attacco il connazionale Travis Barron, lui invece alla prima esperienza oltreoceano dopo oltre 300 presenze in American Hockey League.<\/p>\n<p>Il Linz ha giocato fin qui tre partite: dopo il 5 a 2 al Vorarlberg all\u2019esordio, i Black Wings sono incappati in due sconfitte di fila, con l\u20191:0 a Fehervar e il pirotecnico 7:6 a Vienna.<\/p>\n<p><strong>Casa Bolzano<br \/>\n<\/strong>Tra i Foxes c\u2019\u00e8 fiducia dopo i sei punti ottenuti nel doppio impegno in trasferta della scorsa settimana, che hanno permesso all\u2019HCB di salire al quarto posto in classifica. Soprattutto il successo contro il KAC ha mostrato uno dei lati migliori della compagine biancorossa e coach Kleinendorst sa che la strada intrapresa \u00e8 quella giusta. Bisogner\u00e0 per\u00f2 confermarsi, soprattutto davanti al proprio pubblico. A livello di roster, tutti saranno a disposizione: un giocatore dovr\u00e0 quindi restare in tribuna per turnover.<\/p>\n<p><strong>La Uni&amp;Youth Night e i biglietti<br \/>\n<\/strong>Per la sfida di venerd\u00ec sera contro il Ferencvaros la societ\u00e0 ha organizzato la Uni&amp;Youth Night, per riaccogliere gli studenti che hanno appena ricominciato le lezioni e che in universit\u00e0 si apprestano ad iniziare il primo semestre. Tutti i\/le bambini\/e i ragazzi\/e fino a 18 anni e gli studenti fino a 25 anni (nel secondo caso previa presentazione di tessera studentesca o universitaria) potranno entrare allo stadio al prezzo di 1\u20ac.<\/p>\n<p>I biglietti per entrambe le partite sono in vendita online, la prevendita invece si terr\u00e0 oggi (gioved\u00ec) dalle 16:00 alle 18:30 in ufficio (entrambe le partite) e domani (venerd\u00ec) in cassa dalle 13:00 alle 14:30 e dalle 17:45 in poi (solo HCB-FTC). Domenica casse aperte dalle 11:00 alle 13:00 e dalle 16:00 in poi.<\/p>\n<p>&nbsp;<\/p>\n<p>Venerd\u00ec 26 settembre, ore 19:45 \u2013 Sparkasse Arena, Bolzano \u2013 Live on SportEurope.tv<br \/>\n<strong>HCB Alto Adige Alperia vs FTC-Telekom<\/strong><\/p>\n<p>Arbitri: Nikolic K., Schauer \/ Pardatscher, Rigoni<\/p>\n<p>&nbsp;<\/p>\n<p>Domenica 28 settembre, ore 18:00 \u2013 Sparkasse Arena, Bolzano \u2013 Live on SportEurope.tv<br \/>\n<strong>HCB Alto Adige Alperia vs Steinbach Black Wings Linz <\/strong><\/p>\n<p>Arbitri: Nikolic M., Sternat \/ Fleischmann, Weiss<\/p>\n<p><strong>\u00a0<\/strong><\/p>\n<p><strong>La classifica<\/strong><\/p>\n<table>\n<tbody>\n<tr>\n<td width=\"33\"><strong>\u00a0<\/strong><\/td>\n<td width=\"193\"><strong>Team<\/strong><\/td>\n<td width=\"32\"><strong>GP<\/strong><\/td>\n<td width=\"37\"><strong>PTS<\/strong><\/td>\n<\/tr>\n<tr>\n<td width=\"33\">1.<\/td>\n<td width=\"193\">HK Olimpija Ljubljana<\/td>\n<td width=\"32\">4<\/td>\n<td width=\"37\">11<\/td>\n<\/tr>\n<tr>\n<td width=\"33\">2.<\/td>\n<td width=\"193\">EC Red Bull Salzburg<\/td>\n<td width=\"32\">4<\/td>\n<td width=\"37\">11<\/td>\n<\/tr>\n<tr>\n<td width=\"33\">3.<\/td>\n<td width=\"193\">Moser Medical Graz99ers<\/td>\n<td width=\"32\">3<\/td>\n<td width=\"37\">7<\/td>\n<\/tr>\n<tr>\n<td width=\"33\"><strong>4.<\/strong><\/td>\n<td width=\"193\"><strong>HCB Alto Adige Alperia<\/strong><\/td>\n<td width=\"32\"><strong>3<\/strong><\/td>\n<td width=\"37\"><strong>6<\/strong><\/td>\n<\/tr>\n<tr>\n<td width=\"33\">5.<\/td>\n<td width=\"193\">HC Falkensteiner Pustertal<\/td>\n<td width=\"32\">3<\/td>\n<td width=\"37\">6<\/td>\n<\/tr>\n<tr>\n<td width=\"33\">6.<\/td>\n<td width=\"193\">EC KAC<\/td>\n<td width=\"32\">4<\/td>\n<td width=\"37\">6<\/td>\n<\/tr>\n<tr>\n<td width=\"33\">7.<\/td>\n<td width=\"193\">Hydro Fehervar AV19<\/td>\n<td width=\"32\">4<\/td>\n<td width=\"37\">6<\/td>\n<\/tr>\n<tr>\n<td width=\"33\">8.<\/td>\n<td width=\"193\">Vienna Capitals<\/td>\n<td width=\"32\">4<\/td>\n<td width=\"37\">5<\/td>\n<\/tr>\n<tr>\n<td width=\"33\">9.<\/td>\n<td width=\"193\">FTC-Telekom<\/td>\n<td width=\"32\">4<\/td>\n<td width=\"37\">4<\/td>\n<\/tr>\n<tr>\n<td width=\"33\">10.<\/td>\n<td width=\"193\">EC iDM W\u00e4rmepumpen VSV<\/td>\n<td width=\"32\">4<\/td>\n<td width=\"37\">4<\/td>\n<\/tr>\n<tr>\n<td width=\"33\">11.<\/td>\n<td width=\"193\">Steinbach Black Wings Linz<\/td>\n<td width=\"32\">3<\/td>\n<td width=\"37\">3<\/td>\n<\/tr>\n<tr>\n<td width=\"33\">12.<\/td>\n<td width=\"193\">HC TIWAG Innsbruck<\/td>\n<td width=\"32\">4<\/td>\n<td width=\"37\">3<\/td>\n<\/tr>\n<tr>\n<td width=\"33\">13.<\/td>\n<td width=\"193\">Pioneers Vorarlberg<\/td>\n<td width=\"32\">4<\/td>\n<td width=\"37\">0<\/td>\n<\/tr>\n<\/tbody>\n<\/table>\n<p>&nbsp;<\/p>\n<p><iframe loading=\"lazy\" title=\"Frank: &quot;Sappiamo che le squadre ungheresi lavorano duro&quot;\" width=\"1210\" height=\"681\" src=\"https:\/\/www.youtube.com\/embed\/KdO0c4QDXMg?feature=oembed\" frameborder=\"0\" allow=\"accelerometer; autoplay; clipboard-write; encrypted-media; gyroscope; picture-in-picture; web-share\" referrerpolicy=\"strict-origin-when-cross-origin\" allowfullscreen><\/iframe><\/p>\n","protected":false},"excerpt":{"rendered":"<p>Dopo un weekend \u201con the road\u201d da sei punti, l\u2019HCB Alto Adige Alperia scalda i motori in vista del terzo finesettimana di ICE Hockey League. I Foxes scenderanno per due volte sul ghiaccio di casa: domani, venerd\u00ec 26 settembre, alle ore 19:45 \u00e8 in programma la sfida contro la nuova arrivata della lega, l\u2019FTC-Telekom, mentre [&hellip;]<\/p>\n","protected":false},"author":5,"featured_media":1108774,"comment_status":"closed","ping_status":"closed","sticky":false,"template":"","format":"standard","meta":{"_acf_changed":false,"footnotes":""},"categories":[12],"tags":[],"class_list":["post-1108773","post","type-post","status-publish","format-standard","has-post-thumbnail","hentry","category-news-team-2"],"acf":[],"_links":{"self":[{"href":"https:\/\/www.hcb.net\/it\/wp-json\/wp\/v2\/posts\/1108773","targetHints":{"allow":["GET"]}}],"collection":[{"href":"https:\/\/www.hcb.net\/it\/wp-json\/wp\/v2\/posts"}],"about":[{"href":"https:\/\/www.hcb.net\/it\/wp-json\/wp\/v2\/types\/post"}],"author":[{"embeddable":true,"href":"https:\/\/www.hcb.net\/it\/wp-json\/wp\/v2\/users\/5"}],"replies":[{"embeddable":true,"href":"https:\/\/www.hcb.net\/it\/wp-json\/wp\/v2\/comments?post=1108773"}],"version-history":[{"count":2,"href":"https:\/\/www.hcb.net\/it\/wp-json\/wp\/v2\/posts\/1108773\/revisions"}],"predecessor-version":[{"id":1108777,"href":"https:\/\/www.hcb.net\/it\/wp-json\/wp\/v2\/posts\/1108773\/revisions\/1108777"}],"wp:featuredmedia":[{"embeddable":true,"href":"https:\/\/www.hcb.net\/it\/wp-json\/wp\/v2\/media\/1108774"}],"wp:attachment":[{"href":"https:\/\/www.hcb.net\/it\/wp-json\/wp\/v2\/media?parent=1108773"}],"wp:term":[{"taxonomy":"category","embeddable":true,"href":"https:\/\/www.hcb.net\/it\/wp-json\/wp\/v2\/categories?post=1108773"},{"taxonomy":"post_tag","embeddable":true,"href":"https:\/\/www.hcb.net\/it\/wp-json\/wp\/v2\/tags?post=1108773"}],"curies":[{"name":"wp","href":"https:\/\/api.w.org\/{rel}","templated":true}]}}