{"id":1722,"date":"2011-09-07T00:00:00","date_gmt":"2013-12-21T10:56:22","guid":{"rendered":"http:\/\/www.hcb.net\/lhc-bolzano-si-presenta-a-stampa-e-tifosi\/"},"modified":"2017-03-22T15:42:52","modified_gmt":"2017-03-22T14:42:52","slug":"lhc-bolzano-si-presenta-a-stampa-e-tifosi","status":"publish","type":"post","link":"https:\/\/www.hcb.net\/it\/lhc-bolzano-si-presenta-a-stampa-e-tifosi\/","title":{"rendered":"L\u00b4HC Bolzano si presenta a stampa e tifosi"},"content":{"rendered":"<p>Un fine settimana all\u00b4insegna dei Foxes. I biancorossi saranno infatti assoluti protagonisti nel centro cittadino durante i prossimi giorni: a partire da domani, gioved\u00ec 8 settembre, sino a domenica 11 settembre, societ\u00e0 e giocatori saranno al centro di una serie di eventi presso Palais Campofranco in piazza Walther.<\/p>\n<p>&#13;<\/p>\n<p>&#13;<\/p>\n<p>Il week-end lungo dell\u00b4HC Bolzano prender\u00e0 il via alle ore 11 del mattino di gioved\u00ec 8 settembre. Societ\u00e0 e giocatori si presenteranno ufficialmente a stampa ed autorit\u00e0 nella loro veste 2011\/2012: all\u00b4incontro non mancher\u00e0 praticamente nessuno, fatta eccezione per l\u00b4ultimo acquisto in ordine di tempo, ossia l\u00b4attaccante statunitense Mark McCutcheon, il quale raggiunger\u00e0 l\u00b4Italia sabato 10 settembre.<\/p>\n<p>A partire da venerd\u00ec 9, sino a domenica 11, i Foxes reciteranno poi un ruolo importante all\u00b4interno della festa cittadina \u201cAltstadtfest\u201d. Il Palais Campofranco rappresenter\u00e0 per tre giorni una vera e propria vetrina del club hockeistico del capoluogo, pronta ad accogliere tutti i tifosi ed i simpatizzanti dei colori biancorossi. Nelle giornate di venerd\u00ec e sabato, inoltre, i supporter dell\u00b4HC Bolzano potranno conoscere da vicino i loro beniamini, con momenti dedicati a foto ed autografi, e due presentazioni giornaliere della rosa che affronter\u00e0 la prossima Serie A: la prima alle ore 20 e la seconda alle ore 22.<\/p>\n<p>Terminati i festeggiamenti, la squadra torner\u00e0 in pista per una nuova amichevole all\u00b4inizio della prossima settimana. Egger e compagni, dopo essersi aggiudicati lo scorso sabato la Weihenstephan Cup, affronteranno al Palaonda, marted\u00ec 13 settembre, alle ore 20:30, gli Innsbrucker Haie.<\/p>\n<p>I prossimi appuntamenti dell\u00b4HC Bolzano:<\/p>\n<p>Gioved\u00ec 8 settembre: ore 11 &#8211; presentazione ufficiale della squadra presso Palais Campofranco<\/p>\n<p>Da venerd\u00ec 9 settembre a domenica 11 settembre: stand dell\u00b4HC Bolzano presso Palais Campofranco<\/p>\n<p>Venerd\u00ec 9 e sabato 10 settembre: ore 20 e 22 &#8211; presentazione della squadra ai tifosi presso Palais Campofrancco<\/p>\n<p>Marted\u00ec 13 settembre: ore 20:30 &#8211; HC Bolzano vs. Innsbrucker Haie, Palaonda di Bolzano<\/p>\n","protected":false},"excerpt":{"rendered":"<p>Un fine settimana all\u00b4insegna dei Foxes. I biancorossi saranno infatti assoluti protagonisti nel centro cittadino durante i prossimi giorni: a partire da domani, gioved\u00ec 8 settembre, sino a domenica 11 settembre, societ\u00e0 e giocatori saranno al centro di una serie di eventi presso Palais Campofranco in piazza Walther. &#13; &#13; Il week-end lungo dell\u00b4HC Bolzano [&hellip;]<\/p>\n","protected":false},"author":1,"featured_media":9774,"comment_status":"open","ping_status":"open","sticky":false,"template":"","format":"standard","meta":{"_acf_changed":false,"footnotes":""},"categories":[12],"tags":[],"class_list":["post-1722","post","type-post","status-publish","format-standard","has-post-thumbnail","hentry","category-news-team-2"],"acf":[],"_links":{"self":[{"href":"https:\/\/www.hcb.net\/it\/wp-json\/wp\/v2\/posts\/1722","targetHints":{"allow":["GET"]}}],"collection":[{"href":"https:\/\/www.hcb.net\/it\/wp-json\/wp\/v2\/posts"}],"about":[{"href":"https:\/\/www.hcb.net\/it\/wp-json\/wp\/v2\/types\/post"}],"author":[{"embeddable":true,"href":"https:\/\/www.hcb.net\/it\/wp-json\/wp\/v2\/users\/1"}],"replies":[{"embeddable":true,"href":"https:\/\/www.hcb.net\/it\/wp-json\/wp\/v2\/comments?post=1722"}],"version-history":[{"count":1,"href":"https:\/\/www.hcb.net\/it\/wp-json\/wp\/v2\/posts\/1722\/revisions"}],"predecessor-version":[{"id":1723,"href":"https:\/\/www.hcb.net\/it\/wp-json\/wp\/v2\/posts\/1722\/revisions\/1723"}],"wp:featuredmedia":[{"embeddable":true,"href":"https:\/\/www.hcb.net\/it\/wp-json\/wp\/v2\/media\/9774"}],"wp:attachment":[{"href":"https:\/\/www.hcb.net\/it\/wp-json\/wp\/v2\/media?parent=1722"}],"wp:term":[{"taxonomy":"category","embeddable":true,"href":"https:\/\/www.hcb.net\/it\/wp-json\/wp\/v2\/categories?post=1722"},{"taxonomy":"post_tag","embeddable":true,"href":"https:\/\/www.hcb.net\/it\/wp-json\/wp\/v2\/tags?post=1722"}],"curies":[{"name":"wp","href":"https:\/\/api.w.org\/{rel}","templated":true}]}}