{"id":17264,"date":"2017-11-28T15:53:48","date_gmt":"2017-11-28T14:53:48","guid":{"rendered":"https:\/\/www.hcb.net\/?p=17264"},"modified":"2017-11-28T15:53:48","modified_gmt":"2017-11-28T14:53:48","slug":"il-finlandese-kai-suikkanen-e-il-nuovo-allenatore-del-bolzano-phil-barski-resta-come-assistant-coach","status":"publish","type":"post","link":"https:\/\/www.hcb.net\/it\/il-finlandese-kai-suikkanen-e-il-nuovo-allenatore-del-bolzano-phil-barski-resta-come-assistant-coach\/","title":{"rendered":"Il finlandese Kai Suikkanen \u00e8 il nuovo allenatore del Bolzano &#8211; Phil Barski resta come assistant coach"},"content":{"rendered":"<p>Dopo la separazione con coach Pat Curcio, l\u2019HCB Alto Adige Alperia ha scelto la nuova guida della squadra: sul pancone biancorosso arriver\u00e0 il 58enne finlandese <strong>Kai Suikkanen<\/strong>.<\/p>\n<p>Suikkanen, dopo una grande carriera da giocatore condita da qualche presenza in NHL, ha intrapreso l&#8217;avventura da allenatore prima come assistant coach dell\u2019U20 del K\u00e4rp\u00e4t, poi come head coach del RoKi nella terza lega finlandese. Nel 2006 il salto in Mestis con l\u2019Hokki e infine la consacrazione in Liiga con il TPS Turku, dove a met\u00e0 della stagione 2008\/09 sostituisce Hannu Virta. L\u2019anno successivo viene confermato alla guida della squadra e vince il campionato, ottenendo per l\u2019anno successivo un contratto in KHL con la Lokomotiv Yaroslavl, che lascia durante la stagione 2010\/11, l\u2019ultima della squadra russa prima del terribile disastro aereo del 7 settembre 2011. Suikkanen torna in Finlandia, ancora una volta in Liiga, per due anni con i Pelicans e per altre due stagioni ancora con il TPS Turku, giocando anche la Champions League e scontrandosi proprio con i Foxes nel 2014\/15. La stagione passata la trascorre sempre nel ruolo di head coach con il K\u00e4rp\u00e4t, uscendo al primo turno di playoff della Liiga contro l\u2019HIFK.<\/p>\n<p>Per Suikkanen questa sar\u00e0 la prima esperienza in EBEL e gi\u00e0 domani condurr\u00e0 il primo allenamento alla guida dei Foxes.<\/p>\n<p>Ulteriori informazioni su Kai Suikkanen: <a href=\"http:\/\/www.eliteprospects.com\/staff.php?staff=4\">http:\/\/www.eliteprospects.com\/staff.php?staff=4<\/a><\/p>\n<p>&nbsp;<\/p>\n<p><strong>INJURY REPORT<\/strong><\/p>\n<p>L\u2019HCB Alto Adige Alperia \u00e8 alle prese con un\u2019infermeria piuttosto piena.<\/p>\n<p>Il goalie canadese <strong>Matt Climie<\/strong>, infortunatosi al tendine del ginocchio alla sua prima partita in biancorosso, \u00e8 in pieno recupero e potr\u00e0 tornare a disposizione con tutta probabilit\u00e0 tra 10-20 giorni.<\/p>\n<p>L\u2019attaccante <strong>Anton Bernard<\/strong>, dopo il duro colpo subito al piede in allenamento, ne avr\u00e0 ancora per circa 2-3 settimane.<\/p>\n<p>L\u2019attaccante <strong>Austin Smith<\/strong>, out da qualche settimana a causa di un trauma cranico, ha svolto delle visite specialistiche in Germania e i suoi tempi di recupero non sono ancora certi.<\/p>\n<p>Il difensore <strong>Mat Clark <\/strong>ha subito la rottura del legamento crociato del ginocchio, verr\u00e0 probabilmente operato e la sua stagione potrebbe essere a rischio.<\/p>\n<p>L\u2019attaccante <strong>Luca Frigo<\/strong> ha subito lo stiramento del tendine del ginocchio e i suoi tempi di recupero sono stimati in circa una settimana.<\/p>\n<p>L\u2019attaccante <strong>Matias Sointu<\/strong> ha sofferto un infortunio a una costola, \u00e8 in recupero e potrebbe rientrare a disposizione gi\u00e0 venerd\u00ec per il match del Palaonda contro il KAC.<\/p>\n<p>L\u2019attaccante <strong>Daniel Frank <\/strong>ha riportato a Klagenfurt un trauma cranico, le sue condizioni sono in fase di valutazione e i tempi di recupero ancora da stabilire.<\/p>\n<p>(L.T.)<\/p>\n","protected":false},"excerpt":{"rendered":"<p>Dopo la separazione con coach Pat Curcio, l\u2019HCB Alto Adige Alperia ha scelto la nuova guida della squadra: sul pancone biancorosso arriver\u00e0 il 58enne finlandese Kai Suikkanen. Suikkanen, dopo una grande carriera da giocatore condita da qualche presenza in NHL, ha intrapreso l&#8217;avventura da allenatore prima come assistant coach dell\u2019U20 del K\u00e4rp\u00e4t, poi come head [&hellip;]<\/p>\n","protected":false},"author":5,"featured_media":17265,"comment_status":"closed","ping_status":"closed","sticky":false,"template":"","format":"standard","meta":{"_acf_changed":false,"footnotes":""},"categories":[12],"tags":[],"class_list":["post-17264","post","type-post","status-publish","format-standard","has-post-thumbnail","hentry","category-news-team-2"],"acf":[],"_links":{"self":[{"href":"https:\/\/www.hcb.net\/it\/wp-json\/wp\/v2\/posts\/17264","targetHints":{"allow":["GET"]}}],"collection":[{"href":"https:\/\/www.hcb.net\/it\/wp-json\/wp\/v2\/posts"}],"about":[{"href":"https:\/\/www.hcb.net\/it\/wp-json\/wp\/v2\/types\/post"}],"author":[{"embeddable":true,"href":"https:\/\/www.hcb.net\/it\/wp-json\/wp\/v2\/users\/5"}],"replies":[{"embeddable":true,"href":"https:\/\/www.hcb.net\/it\/wp-json\/wp\/v2\/comments?post=17264"}],"version-history":[{"count":2,"href":"https:\/\/www.hcb.net\/it\/wp-json\/wp\/v2\/posts\/17264\/revisions"}],"predecessor-version":[{"id":17268,"href":"https:\/\/www.hcb.net\/it\/wp-json\/wp\/v2\/posts\/17264\/revisions\/17268"}],"wp:featuredmedia":[{"embeddable":true,"href":"https:\/\/www.hcb.net\/it\/wp-json\/wp\/v2\/media\/17265"}],"wp:attachment":[{"href":"https:\/\/www.hcb.net\/it\/wp-json\/wp\/v2\/media?parent=17264"}],"wp:term":[{"taxonomy":"category","embeddable":true,"href":"https:\/\/www.hcb.net\/it\/wp-json\/wp\/v2\/categories?post=17264"},{"taxonomy":"post_tag","embeddable":true,"href":"https:\/\/www.hcb.net\/it\/wp-json\/wp\/v2\/tags?post=17264"}],"curies":[{"name":"wp","href":"https:\/\/api.w.org\/{rel}","templated":true}]}}