{"id":17830,"date":"2017-12-11T20:30:51","date_gmt":"2017-12-11T19:30:51","guid":{"rendered":"https:\/\/www.hcb.net\/?p=17830"},"modified":"2017-12-11T20:36:01","modified_gmt":"2017-12-11T19:36:01","slug":"dieter-knoll-eletto-vicepresidente-della-erste-bank-eishockey-liga","status":"publish","type":"post","link":"https:\/\/www.hcb.net\/it\/dieter-knoll-eletto-vicepresidente-della-erste-bank-eishockey-liga\/","title":{"rendered":"Dieter Knoll eletto vicepresidente della Erste Bank Eishockey Liga"},"content":{"rendered":"<p>Grandi novit\u00e0 per l\u2019HCB Alto Adige Alperia. L\u2019amministratore delegato della societ\u00e0 biancorossa, dott. Dieter Knoll, \u00e8 stato eletto oggi a Salisburgo vicepresidente della Erste Bank Eishockey Liga. Knoll concluder\u00e0 un terzetto di vicepresidenti, insieme a Karl Safron e Ren\u00e9 Dimter, e rester\u00e0 in carica per quattro anni cos\u00ec come il presidente Peter Mennel, che ha ottenuto la rielezione.<\/p>\n<p>\u201cE\u2019 un grande riconoscimento per la nostra societ\u00e0 \u2013 spiega Knoll \u2013 siamo in EBEL da soli cinque anni, ma abbiamo lavorato molto bene e ci hanno dato fiducia\u201d. Nella veste di vicepresidente in rappresentanza delle societ\u00e0 internazionali, l\u2019amministratore delegato biancorosso ha un obiettivo: \u201cVogliamo fare in modo che le societ\u00e0 non austriache parlino con una voce sola \u2013 afferma \u2013 e per questo devo ringraziare anche il grande lavoro svolto dal nostro COO, Markus Meraner, sempre impegnato a tessere rapporti proficui con le altre squadre internazionali\u201d.<\/p>\n<p>Anche il presidente Mennel, ringraziando per il rinnovo dell\u2019incarico, ha sottolineato l\u2019importanza di un obiettivo comune e del lavoro di squadra per il bene dell\u2019hockey: \u201cLa fiducia che \u00e8 stata posta nei miei confronti \u00e8 sicuramente un elemento essenziale per uno sviluppo positivo e un lavoro di successo nell\u2019ambito della Erste Bank Eishockey Liga\u201d.<\/p>\n","protected":false},"excerpt":{"rendered":"<p>Grandi novit\u00e0 per l\u2019HCB Alto Adige Alperia. L\u2019amministratore delegato della societ\u00e0 biancorossa, dott. Dieter Knoll, \u00e8 stato eletto oggi a Salisburgo vicepresidente della Erste Bank Eishockey Liga. Knoll concluder\u00e0 un terzetto di vicepresidenti, insieme a Karl Safron e Ren\u00e9 Dimter, e rester\u00e0 in carica per quattro anni cos\u00ec come il presidente Peter Mennel, che ha [&hellip;]<\/p>\n","protected":false},"author":5,"featured_media":17833,"comment_status":"closed","ping_status":"closed","sticky":false,"template":"","format":"standard","meta":{"_acf_changed":false,"footnotes":""},"categories":[12],"tags":[],"class_list":["post-17830","post","type-post","status-publish","format-standard","has-post-thumbnail","hentry","category-news-team-2"],"acf":[],"_links":{"self":[{"href":"https:\/\/www.hcb.net\/it\/wp-json\/wp\/v2\/posts\/17830","targetHints":{"allow":["GET"]}}],"collection":[{"href":"https:\/\/www.hcb.net\/it\/wp-json\/wp\/v2\/posts"}],"about":[{"href":"https:\/\/www.hcb.net\/it\/wp-json\/wp\/v2\/types\/post"}],"author":[{"embeddable":true,"href":"https:\/\/www.hcb.net\/it\/wp-json\/wp\/v2\/users\/5"}],"replies":[{"embeddable":true,"href":"https:\/\/www.hcb.net\/it\/wp-json\/wp\/v2\/comments?post=17830"}],"version-history":[{"count":2,"href":"https:\/\/www.hcb.net\/it\/wp-json\/wp\/v2\/posts\/17830\/revisions"}],"predecessor-version":[{"id":17838,"href":"https:\/\/www.hcb.net\/it\/wp-json\/wp\/v2\/posts\/17830\/revisions\/17838"}],"wp:featuredmedia":[{"embeddable":true,"href":"https:\/\/www.hcb.net\/it\/wp-json\/wp\/v2\/media\/17833"}],"wp:attachment":[{"href":"https:\/\/www.hcb.net\/it\/wp-json\/wp\/v2\/media?parent=17830"}],"wp:term":[{"taxonomy":"category","embeddable":true,"href":"https:\/\/www.hcb.net\/it\/wp-json\/wp\/v2\/categories?post=17830"},{"taxonomy":"post_tag","embeddable":true,"href":"https:\/\/www.hcb.net\/it\/wp-json\/wp\/v2\/tags?post=17830"}],"curies":[{"name":"wp","href":"https:\/\/api.w.org\/{rel}","templated":true}]}}