{"id":266991,"date":"2023-06-22T18:59:05","date_gmt":"2023-06-22T17:59:05","guid":{"rendered":"https:\/\/www.hcb.net\/?p=266991"},"modified":"2023-06-22T18:59:05","modified_gmt":"2023-06-22T17:59:05","slug":"settima-stagione-in-biancorosso-per-angelo-miceli","status":"publish","type":"post","link":"https:\/\/www.hcb.net\/it\/settima-stagione-in-biancorosso-per-angelo-miceli\/","title":{"rendered":"Settima stagione in biancorosso per Angelo Miceli"},"content":{"rendered":"<p>L\u2019HCB Alto Adige Alperia comunica ufficialmente di avere trovato l\u2019accordo per il rinnovo del contratto di <strong>Angelo Miceli<\/strong> anche per la stagione 2023\/24.<\/p>\n<p>Il 29enne italo-canadese \u00e8 ormai diventato un vero e proprio altoatesino doc. Giunto a Bolzano il 21 novembre 2017, dopo tre stagioni tra AHL ed ECHL, non ha pi\u00f9 lasciato i Foxes, diventando uno dei giocatori pi\u00f9 amati dai tifosi e legandosi profondamente al territorio. I numeri, in pi\u00f9, parlano chiaro: con 338 presenze ufficiali tra campionato e Champions Hockey League, 203 punti (79+124), una EBEL vinta e due finali di ICEHL, il \u201cCalabria Sniper\u201d \u00e8 il giocatore attualmente a roster con pi\u00f9 partite giocate in biancorosso, dopo Frank e Frigo. E\u2019 inoltre il giocatore italiano attualmente con la miglior media punti e quello con pi\u00f9 goal segnati dal 2013 ad oggi tra gli attaccanti \u201cAzzurri\u201d in attivit\u00e0 dell\u2019HCB (78 reti).<\/p>\n<p>Miceli nel corso degli anni \u00e8 diventato uno dei senatori dello spogliatoio bolzanino, garantendo continuit\u00e0 in termini di punti. Nella stagione 2022\/23 ha messo a segno 16 goal e 15 assist in 66 presenze. Dal Mondiale 2019, inoltre, scende sul ghiaccio anche per la Nazionale Italiana, con la quale all\u2019ultimo Mondiale di Prima Divisione Gruppo A ha messo a segno 6 punti (2 goal e 4 assist) in 5 partite.<\/p>\n<p>\u201cBolzano \u00e8 casa mia &#8211; afferma Miceli &#8211; ormai sono qui da 7 anni e il prossimo anno sposer\u00f2 la mia fidanzata, che \u00e8 di qui. Qui sto bene, sono sempre stato bene ed \u00e8 un onore e un orgoglio poter vestire questi colori\u201d. Miceli guarda poi alla scorsa stagione, concentrandosi per\u00f2 gi\u00e0 sulla prossima: \u201cSiamo arrivati a 9 minuti dalla stagione perfetta &#8211; spiega &#8211; ma preferisco guardare a tutto il resto: abbiamo vissuto un\u2019annata incredibile, con un gruppo meraviglioso con cui \u00e8 stato un piacere poter lavorare e divertirci ogni giorno. E poi \u00e8 stato bellissimo poter tornare a giocare di fronte a uno stadio tutto esaurito, con grandi numeri anche durante la regular season. I tifosi sono sempre il nostro settimo uomo sul ghiaccio. La prossima stagione sar\u00e0 una nuova partenza, ogni anno \u00e8 diverso, ma avremo lo stesso obiettivo in testa: sar\u00e0 importante lavorare dal giorno uno e conquistare quello che vogliamo passo dopo passo, certo, vogliamo arrivare fino in fondo e questo lo terremo sempre in mente, ma il primo step \u00e8 prendersi un posto in Top Six e quindi ai playoff. La CHL? Ci dar\u00e0 l\u2019opportunit\u00e0 di mostrare ci\u00f2 che sappiamo fare e che siamo in grado di competere in tutta Europa\u201d.<\/p>\n<p>Ulteriori informazioni su Angelo Miceli: <a href=\"https:\/\/www.eliteprospects.com\/player\/88914\/angelo-miceli\">https:\/\/www.eliteprospects.com\/player\/88914\/angelo-miceli<\/a><\/p>\n","protected":false},"excerpt":{"rendered":"<p>L\u2019HCB Alto Adige Alperia comunica ufficialmente di avere trovato l\u2019accordo per il rinnovo del contratto di Angelo Miceli anche per la stagione 2023\/24. Il 29enne italo-canadese \u00e8 ormai diventato un vero e proprio altoatesino doc. Giunto a Bolzano il 21 novembre 2017, dopo tre stagioni tra AHL ed ECHL, non ha pi\u00f9 lasciato i Foxes, [&hellip;]<\/p>\n","protected":false},"author":5,"featured_media":266992,"comment_status":"closed","ping_status":"closed","sticky":false,"template":"","format":"standard","meta":{"_acf_changed":false,"footnotes":""},"categories":[12],"tags":[],"class_list":["post-266991","post","type-post","status-publish","format-standard","has-post-thumbnail","hentry","category-news-team-2"],"acf":[],"_links":{"self":[{"href":"https:\/\/www.hcb.net\/it\/wp-json\/wp\/v2\/posts\/266991","targetHints":{"allow":["GET"]}}],"collection":[{"href":"https:\/\/www.hcb.net\/it\/wp-json\/wp\/v2\/posts"}],"about":[{"href":"https:\/\/www.hcb.net\/it\/wp-json\/wp\/v2\/types\/post"}],"author":[{"embeddable":true,"href":"https:\/\/www.hcb.net\/it\/wp-json\/wp\/v2\/users\/5"}],"replies":[{"embeddable":true,"href":"https:\/\/www.hcb.net\/it\/wp-json\/wp\/v2\/comments?post=266991"}],"version-history":[{"count":1,"href":"https:\/\/www.hcb.net\/it\/wp-json\/wp\/v2\/posts\/266991\/revisions"}],"predecessor-version":[{"id":266994,"href":"https:\/\/www.hcb.net\/it\/wp-json\/wp\/v2\/posts\/266991\/revisions\/266994"}],"wp:featuredmedia":[{"embeddable":true,"href":"https:\/\/www.hcb.net\/it\/wp-json\/wp\/v2\/media\/266992"}],"wp:attachment":[{"href":"https:\/\/www.hcb.net\/it\/wp-json\/wp\/v2\/media?parent=266991"}],"wp:term":[{"taxonomy":"category","embeddable":true,"href":"https:\/\/www.hcb.net\/it\/wp-json\/wp\/v2\/categories?post=266991"},{"taxonomy":"post_tag","embeddable":true,"href":"https:\/\/www.hcb.net\/it\/wp-json\/wp\/v2\/tags?post=266991"}],"curies":[{"name":"wp","href":"https:\/\/api.w.org\/{rel}","templated":true}]}}