{"id":39236,"date":"2019-09-11T18:56:28","date_gmt":"2019-09-11T17:56:28","guid":{"rendered":"https:\/\/www.hcb.net\/?p=39236"},"modified":"2019-09-11T18:56:28","modified_gmt":"2019-09-11T17:56:28","slug":"daniel-frank-di-nuovo-in-maglia-biancorossa","status":"publish","type":"post","link":"https:\/\/www.hcb.net\/it\/daniel-frank-di-nuovo-in-maglia-biancorossa\/","title":{"rendered":"Daniel Frank di nuovo in maglia biancorossa"},"content":{"rendered":"<p>E\u2019 il \u201cbotto\u201d che tutti aspettavano. L\u2019HCB Alto Adige Alperia comunica di avere ufficialmente rinnovato il contratto con l\u2019attaccante <strong>Daniel Frank<\/strong>, che sar\u00e0 quindi alla sua settima stagione con la maglia biancorossa.<\/p>\n<p>Il 25enne di Merano \u00e8 sbarcato a Bolzano nel 2013\/14, alla prima stagione in Erste Bank Eishockey Liga. Da quel momento non ha pi\u00f9 lasciato i Foxes, diventando uno dei beniamini del pubblico grazie alla sua grinta e al suo attaccamento alla maglia, collezionando un totale di 321 presenze tra campionato e Champions Hockey League e vincendo due volte il Karl Nedwed Trophy, nel 2017\/18 da protagonista. Per lui anche 29 gettoni con la Nazionale italiana.<\/p>\n<p>Frank si \u00e8 gi\u00e0 allenato con la squadra questa mattina e sar\u00e0 a disposizione di coach Clayton Beddoes a partire dal match di venerd\u00ec sera, in programma alle 19:45 al Palaonda contro l\u2019EC Red Bull Salzburg.<\/p>\n<p>\u201cHo sentito tutto l\u2019affetto dei tifosi durante questa estate \u2013 spiega Frank \u2013 sono felicissimo di poter tornare e indossare di nuovo questa maglia davanti a loro. Dar\u00f2 il 100% fin da subito, venerd\u00ec ci aspetta una partita importante contro un rivale insidioso\u201d.<\/p>\n<p>Ulteriori informazioni su Daniel Frank: <a href=\"https:\/\/www.eliteprospects.com\/player\/99492\/daniel-frank\">https:\/\/www.eliteprospects.com\/player\/99492\/daniel-frank<\/a><\/p>\n","protected":false},"excerpt":{"rendered":"<p>E\u2019 il \u201cbotto\u201d che tutti aspettavano. L\u2019HCB Alto Adige Alperia comunica di avere ufficialmente rinnovato il contratto con l\u2019attaccante Daniel Frank, che sar\u00e0 quindi alla sua settima stagione con la maglia biancorossa. Il 25enne di Merano \u00e8 sbarcato a Bolzano nel 2013\/14, alla prima stagione in Erste Bank Eishockey Liga. Da quel momento non ha [&hellip;]<\/p>\n","protected":false},"author":5,"featured_media":39237,"comment_status":"closed","ping_status":"closed","sticky":false,"template":"","format":"standard","meta":{"_acf_changed":false,"footnotes":""},"categories":[12],"tags":[],"class_list":["post-39236","post","type-post","status-publish","format-standard","has-post-thumbnail","hentry","category-news-team-2"],"acf":[],"_links":{"self":[{"href":"https:\/\/www.hcb.net\/it\/wp-json\/wp\/v2\/posts\/39236","targetHints":{"allow":["GET"]}}],"collection":[{"href":"https:\/\/www.hcb.net\/it\/wp-json\/wp\/v2\/posts"}],"about":[{"href":"https:\/\/www.hcb.net\/it\/wp-json\/wp\/v2\/types\/post"}],"author":[{"embeddable":true,"href":"https:\/\/www.hcb.net\/it\/wp-json\/wp\/v2\/users\/5"}],"replies":[{"embeddable":true,"href":"https:\/\/www.hcb.net\/it\/wp-json\/wp\/v2\/comments?post=39236"}],"version-history":[{"count":1,"href":"https:\/\/www.hcb.net\/it\/wp-json\/wp\/v2\/posts\/39236\/revisions"}],"predecessor-version":[{"id":39239,"href":"https:\/\/www.hcb.net\/it\/wp-json\/wp\/v2\/posts\/39236\/revisions\/39239"}],"wp:featuredmedia":[{"embeddable":true,"href":"https:\/\/www.hcb.net\/it\/wp-json\/wp\/v2\/media\/39237"}],"wp:attachment":[{"href":"https:\/\/www.hcb.net\/it\/wp-json\/wp\/v2\/media?parent=39236"}],"wp:term":[{"taxonomy":"category","embeddable":true,"href":"https:\/\/www.hcb.net\/it\/wp-json\/wp\/v2\/categories?post=39236"},{"taxonomy":"post_tag","embeddable":true,"href":"https:\/\/www.hcb.net\/it\/wp-json\/wp\/v2\/tags?post=39236"}],"curies":[{"name":"wp","href":"https:\/\/api.w.org\/{rel}","templated":true}]}}