{"id":44916,"date":"2020-07-13T09:05:21","date_gmt":"2020-07-13T08:05:21","guid":{"rendered":"https:\/\/www.hcb.net\/?p=44916"},"modified":"2020-07-13T09:59:12","modified_gmt":"2020-07-13T08:59:12","slug":"daniel-glira-lascia-i-foxes","status":"publish","type":"post","link":"https:\/\/www.hcb.net\/it\/daniel-glira-lascia-i-foxes\/","title":{"rendered":"Daniel Glira lascia i Foxes"},"content":{"rendered":"<div class=\"\" data-block=\"true\" data-editor=\"dgf0o\" data-offset-key=\"bs4fo-0-0\">\n<div class=\"_1mf _1mj\" data-offset-key=\"bs4fo-0-0\"><span data-offset-key=\"bs4fo-0-0\">L\u2019HCB Alto Adige Alperia comunica che Daniel Glira non proseguir\u00e0 la sua avventura con i Foxes. Il difensore classe 1994, a seguito di una decisione dovuta a motivi personali e di studio, torner\u00e0 infatti in Alps Hockey League tra le fila dell\u2019<\/span><span class=\"_247o\" data-offset-key=\"bs4fo-1-0\"><span data-offset-key=\"bs4fo-1-0\">HC Val Pusteria<\/span><\/span><span data-offset-key=\"bs4fo-2-0\">, squadra dalla quale era arrivato nel 2016: in questi quattro anni in biancorosso, Glira ha fatto registrare 244 presenze tra campionato e Champions Hockey League, arrivando anche ad alzare il Karl Nedwed Trophy nel 2018. <\/span><\/div>\n<\/div>\n<div class=\"\" data-block=\"true\" data-editor=\"dgf0o\" data-offset-key=\"85bre-0-0\">\n<div class=\"_1mf _1mj\" data-offset-key=\"85bre-0-0\"><span data-offset-key=\"85bre-0-0\">\u00a0<\/span><\/div>\n<\/div>\n<div class=\"\" data-block=\"true\" data-editor=\"dgf0o\" data-offset-key=\"c6ed9-0-0\">\n<div class=\"_1mf _1mj\" data-offset-key=\"c6ed9-0-0\"><span data-offset-key=\"c6ed9-1-0\">\u201cVoglio ringraziare di cuore l\u2019amministratore delegato Dieter Knoll, lo staff e i compagni di squadra per questi quattro anni splendidi. Il titolo vinto nel 2018 \u00e8 ad oggi il momento pi\u00f9 bello della mia vita e della mia carriera, lo porter\u00f2 sempre nel cuore. Soprattutto, per\u00f2, voglio ringraziare voi, i tifosi: mi avete sempre fatto sentire a casa e giocare davanti al meraviglioso pubblico del Palaonda ha reso ogni partita speciale\u201d. <\/span><\/div>\n<\/div>\n<div class=\"\" data-block=\"true\" data-editor=\"dgf0o\" data-offset-key=\"9kq57-0-0\">\n<div class=\"_1mf _1mj\" data-offset-key=\"9kq57-0-0\"><span data-offset-key=\"9kq57-0-0\">\u00a0<\/span><\/div>\n<\/div>\n<div class=\"\" data-block=\"true\" data-editor=\"dgf0o\" data-offset-key=\"2k1f6-0-0\">\n<div class=\"_1mf _1mj\" data-offset-key=\"2k1f6-0-0\"><span data-offset-key=\"2k1f6-0-0\">L\u2019HCB ringrazia Daniel, come giocatore e come persona, per la professionalit\u00e0 e l\u2019impegno profuso in questi anni con la maglia dei Foxes. Un grande in bocca al lupo per il futuro sportivo e professionale. <\/span><\/div>\n<\/div>\n<div class=\"\" data-block=\"true\" data-editor=\"dgf0o\" data-offset-key=\"cpqvq-0-0\">\n<div class=\"_1mf _1mj\" data-offset-key=\"cpqvq-0-0\"><span data-offset-key=\"cpqvq-0-0\">\u00a0<\/span><\/div>\n<\/div>\n<div class=\"\" data-block=\"true\" data-editor=\"dgf0o\" data-offset-key=\"4n2p1-0-0\">\n<div class=\"_1mf _1mj\" data-offset-key=\"4n2p1-0-0\"><span data-offset-key=\"4n2p1-0-0\">Comunicato stampa HC Val Pusteria <\/span><span class=\"_3gl1 _5zz4\" data-offset-key=\"4n2p1-1-0\"><span class=\"_ncl\"><span data-offset-key=\"4n2p1-1-0\">\ud83d\udc49\ud83c\udffb<\/span><\/span><\/span><span data-offset-key=\"4n2p1-2-0\"> https:\/\/bit.ly\/3enOOHu<\/span><\/div>\n<\/div>\n","protected":false},"excerpt":{"rendered":"<p>L\u2019HCB Alto Adige Alperia comunica che Daniel Glira non proseguir\u00e0 la sua avventura con i Foxes. Il difensore classe 1994, a seguito di una decisione dovuta a motivi personali e di studio, torner\u00e0 infatti in Alps Hockey League tra le fila dell\u2019HC Val Pusteria, squadra dalla quale era arrivato nel 2016: in questi quattro anni [&hellip;]<\/p>\n","protected":false},"author":5,"featured_media":44918,"comment_status":"closed","ping_status":"closed","sticky":false,"template":"","format":"standard","meta":{"_acf_changed":false,"footnotes":""},"categories":[12],"tags":[],"class_list":["post-44916","post","type-post","status-publish","format-standard","has-post-thumbnail","hentry","category-news-team-2"],"acf":[],"_links":{"self":[{"href":"https:\/\/www.hcb.net\/it\/wp-json\/wp\/v2\/posts\/44916","targetHints":{"allow":["GET"]}}],"collection":[{"href":"https:\/\/www.hcb.net\/it\/wp-json\/wp\/v2\/posts"}],"about":[{"href":"https:\/\/www.hcb.net\/it\/wp-json\/wp\/v2\/types\/post"}],"author":[{"embeddable":true,"href":"https:\/\/www.hcb.net\/it\/wp-json\/wp\/v2\/users\/5"}],"replies":[{"embeddable":true,"href":"https:\/\/www.hcb.net\/it\/wp-json\/wp\/v2\/comments?post=44916"}],"version-history":[{"count":1,"href":"https:\/\/www.hcb.net\/it\/wp-json\/wp\/v2\/posts\/44916\/revisions"}],"predecessor-version":[{"id":44920,"href":"https:\/\/www.hcb.net\/it\/wp-json\/wp\/v2\/posts\/44916\/revisions\/44920"}],"wp:featuredmedia":[{"embeddable":true,"href":"https:\/\/www.hcb.net\/it\/wp-json\/wp\/v2\/media\/44918"}],"wp:attachment":[{"href":"https:\/\/www.hcb.net\/it\/wp-json\/wp\/v2\/media?parent=44916"}],"wp:term":[{"taxonomy":"category","embeddable":true,"href":"https:\/\/www.hcb.net\/it\/wp-json\/wp\/v2\/categories?post=44916"},{"taxonomy":"post_tag","embeddable":true,"href":"https:\/\/www.hcb.net\/it\/wp-json\/wp\/v2\/tags?post=44916"}],"curies":[{"name":"wp","href":"https:\/\/api.w.org\/{rel}","templated":true}]}}