{"id":45010,"date":"2020-08-12T17:33:09","date_gmt":"2020-08-12T16:33:09","guid":{"rendered":"https:\/\/www.hcb.net\/?p=45010"},"modified":"2020-08-12T17:33:09","modified_gmt":"2020-08-12T16:33:09","slug":"la-provincia-di-bolzano-accoglie-il-protocollo-di-sicurezza-per-il-palaonda","status":"publish","type":"post","link":"https:\/\/www.hcb.net\/it\/la-provincia-di-bolzano-accoglie-il-protocollo-di-sicurezza-per-il-palaonda\/","title":{"rendered":"La Provincia di Bolzano accoglie il protocollo di sicurezza per il Palaonda"},"content":{"rendered":"<p>In seguito a un positivo colloquio con il governatore della Provincia di Bolzano, Arno Kompatscher, \u00e8 stato predisposto un protocollo di sicurezza per lo svolgimento della stagione dell\u2019HCB Alto Adige Alperia, per i suoi giocatori, per le sue collaboratrici e collaboratori.<\/p>\n<p>Il protocollo proposto per la gestione e l\u2019accoglienza degli spettatori al Palaonda di Bolzano \u00e8 stato accolto positivamente dalle autorit\u00e0 provinciali e verr\u00e0 ulteriormente affinato nelle prossime settimane, insieme ai responsabili medici, per garantire la sicurezza degli spettatori nel miglior modo possibile.<\/p>\n<p>Non appena tutti i dettagli verranno chiariti, il protocollo verr\u00e0 presentato nella sua interezza al pubblico e potr\u00e0 quindi essere lanciata anche la campagna abbonamenti. L\u2019HCB, per la stagione 2020\/21, potenzier\u00e0 l\u2019online ticketing per offrire ai tifosi il miglior servizio possibile.<\/p>\n<p>Il CEO e direttore sportivo Dieter Knoll \u00e8 soddisfatto e sollevato: \u201cI nostri sforzi nella stesura del concetto di sicurezza hanno dato i loro frutti e siamo molto grati al Governatore Kompatscher e ai rappresentanti della sanit\u00e0 per l\u2019ottima collaborazione. Adesso, grazie a questo nulla osta, io e il mio staff potremo occuparci del roster per la prossima stagione insieme al mio staff\u201d. \u00a0Nei prossimi giorni, quindi, arriveranno gi\u00e0 i primi annunci di mercato.<\/p>\n","protected":false},"excerpt":{"rendered":"<p>In seguito a un positivo colloquio con il governatore della Provincia di Bolzano, Arno Kompatscher, \u00e8 stato predisposto un protocollo di sicurezza per lo svolgimento della stagione dell\u2019HCB Alto Adige Alperia, per i suoi giocatori, per le sue collaboratrici e collaboratori. Il protocollo proposto per la gestione e l\u2019accoglienza degli spettatori al Palaonda di Bolzano [&hellip;]<\/p>\n","protected":false},"author":5,"featured_media":45014,"comment_status":"closed","ping_status":"closed","sticky":false,"template":"","format":"standard","meta":{"_acf_changed":false,"footnotes":""},"categories":[12],"tags":[],"class_list":["post-45010","post","type-post","status-publish","format-standard","has-post-thumbnail","hentry","category-news-team-2"],"acf":[],"_links":{"self":[{"href":"https:\/\/www.hcb.net\/it\/wp-json\/wp\/v2\/posts\/45010","targetHints":{"allow":["GET"]}}],"collection":[{"href":"https:\/\/www.hcb.net\/it\/wp-json\/wp\/v2\/posts"}],"about":[{"href":"https:\/\/www.hcb.net\/it\/wp-json\/wp\/v2\/types\/post"}],"author":[{"embeddable":true,"href":"https:\/\/www.hcb.net\/it\/wp-json\/wp\/v2\/users\/5"}],"replies":[{"embeddable":true,"href":"https:\/\/www.hcb.net\/it\/wp-json\/wp\/v2\/comments?post=45010"}],"version-history":[{"count":1,"href":"https:\/\/www.hcb.net\/it\/wp-json\/wp\/v2\/posts\/45010\/revisions"}],"predecessor-version":[{"id":45012,"href":"https:\/\/www.hcb.net\/it\/wp-json\/wp\/v2\/posts\/45010\/revisions\/45012"}],"wp:featuredmedia":[{"embeddable":true,"href":"https:\/\/www.hcb.net\/it\/wp-json\/wp\/v2\/media\/45014"}],"wp:attachment":[{"href":"https:\/\/www.hcb.net\/it\/wp-json\/wp\/v2\/media?parent=45010"}],"wp:term":[{"taxonomy":"category","embeddable":true,"href":"https:\/\/www.hcb.net\/it\/wp-json\/wp\/v2\/categories?post=45010"},{"taxonomy":"post_tag","embeddable":true,"href":"https:\/\/www.hcb.net\/it\/wp-json\/wp\/v2\/tags?post=45010"}],"curies":[{"name":"wp","href":"https:\/\/api.w.org\/{rel}","templated":true}]}}