{"id":45163,"date":"2020-08-27T18:59:01","date_gmt":"2020-08-27T17:59:01","guid":{"rendered":"https:\/\/www.hcb.net\/?p=45163"},"modified":"2020-08-27T18:59:01","modified_gmt":"2020-08-27T17:59:01","slug":"tre-senatori-confermati-capitan-anton-bernard-daniel-frank-e-luca-frigo-restano-in-biancorosso","status":"publish","type":"post","link":"https:\/\/www.hcb.net\/it\/tre-senatori-confermati-capitan-anton-bernard-daniel-frank-e-luca-frigo-restano-in-biancorosso\/","title":{"rendered":"Tre senatori confermati \u2013 Capitan Anton Bernard, Daniel Frank e Luca Frigo restano in biancorosso"},"content":{"rendered":"<p>L\u2019HCB Alto Adige Alperia oggi ha cominciato gli allenamenti al Palaonda di Bolzano. Sotto la guida di coach Greg Ireland, un organico ancora ridotto ha svolto un allenamento a secco e un\u2019ora di ghiaccio opzionale. Intanto il comparto sportivo della societ\u00e0 continua a costruire il roster per la stagione 2020\/21, mantenendo forte l\u2019obiettivo di confermare buona parte di quello dell\u2019annata passata. Oggi abbiamo il piacere di annunciare il rinnovo dei contratti del capitano <strong>Anton Bernard<\/strong>, di <strong>Daniel Frank <\/strong>e <strong>Luca Frigo<\/strong>.<\/p>\n<p>Dodicesima stagione in biancorosso per capitan <strong>Anton Bernard<\/strong>. Il 31enne centro altoatesino \u00e8 ormai il simbolo dei Foxes, con i quali ha disputato la bellezza di 624 partite rientrando cos\u00ec tra i recordmen di presenze della storia della societ\u00e0. Con l\u2019HCB ha vinto tutto: il suo palmares conta infatti due Scudetti (2009 e 2012), due EBEL (2014 e 2018), una Coppa Italia (2009) e due Supercoppe Italiane (2008 e 2012). Dopo il ritiro di Alexander Egger, nel 2018 Bernard \u00e8 diventato il capitano della squadra, ruolo che ha rivestito per diversi anni anche in Nazionale.<\/p>\n<p>\u201cSar\u00e0 una stagione particolare \u2013 afferma Bernard \u2013 sar\u00e0 molto importante che tutti rispettino le regole di distanziamento, igiene e protezione individuale per garantire la sicurezza nostra e della stagione sportiva. Vogliamo finire la stagione e giocarci la coppa, ma soprattutto completare quello che abbiamo iniziato l\u2019anno scorso. Certo, partiamo da zero, ma l\u2019obiettivo \u00e8 sempre quello di entrare tra le Top 5: bisogner\u00e0 creare la base, il gruppo, ma l\u2019HCB partecipa sempre per vincere, l\u2019abbiamo gi\u00e0 fatto due volte e chiss\u00e0 che l\u2019anno scorso non potesse essere la terza. Adesso ci concentriamo pienamente su questo nuovo percorso, all\u2019inizio sar\u00e0 difficile perch\u00e9 tante squadre sono gi\u00e0 sul ghiaccio da qualche settimana, ma sappiamo che nel corso di un\u2019intera stagione possiamo diventare estremamente competitivi\u201d.<\/p>\n<p>Ulteriori informazioni su Anton Bernard: <a href=\"https:\/\/www.eliteprospects.com\/player\/11950\/anton-bernard\">https:\/\/www.eliteprospects.com\/player\/11950\/anton-bernard<\/a><\/p>\n<p><strong>Daniel Frank<\/strong>, arrivato a Bolzano 7 anni fa da giovane promessa, \u00e8 ormai diventato un tassello fondamentale dello scacchiere biancorosso. Nel 2013, il primo anno dei Foxes in EBEL, si propose all\u2019amministratore delegato Dieter Knoll, che decise di dargli una possibilit\u00e0: con il tempo il 26enne meranese ha dimostrato tutta la sua voglia e la sua grinta, entrando nel cuore dei tifosi, che vedono in lui un vero spirito di attaccamento alla maglia. Dopo i primi tre anni di gavetta, nelle ultime stagioni Frank \u00e8 diventato uno dei protagonisti dell\u2019HCB: tra campionato e Champions Hockey League ha indossato la casacca biancorossa per 368 volte, con prestazioni in costante crescita. La stagione 2019\/20 \u00e8 stata per lui quella pi\u00f9 prolifica in termini di punti (16) e di goal (7). Con il Bolzano Frank ha conquistato due Karl Nedwed Trophies (2014 e 2018) e anche l\u2019edizione 2018\/19 del Premio Combattivit\u00e0 \u201cGino Pasqualotto\u201d, indetto da HCBfans.net.<\/p>\n<p>\u201cSono contento di poter ripartire e soprattutto di poter giocare davanti al pubblico, seppur a numero limitato \u2013 spiega Frank \u2013 questa estate \u00e8 stata ovviamente pi\u00f9 dura delle altre, ma ho sempre creduto che alla fine a settembre si potesse giocare. Finire in quel modo \u00e8 stato brutto, chiss\u00e0 dove saremmo potuti arrivare, ma adesso \u00e8 tempo di pensare alla nuova stagione: dobbiamo iniziare bene fin da subito e fare un bel campionato\u201d.<\/p>\n<p>Ulteriori informazioni su Daniel Frank: <a href=\"https:\/\/www.eliteprospects.com\/player\/99492\/daniel-frank\">https:\/\/www.eliteprospects.com\/player\/99492\/daniel-frank<\/a><\/p>\n<p>Al suo quinto anno in biancorosso, <strong>Luca Frigo <\/strong>\u00e8 ormai diventato uno dei senatori della squadra. Il 27enne nativo di Moncalieri \u00e8 reduce da quella che \u00e8 stata la sua migliore stagione in termini di punti, 20 in 51 partite: arrivato a Bolzano nel 2016, l\u2019ala piemontese ha fatto registrare 235 presenze in biancorosso, risultando spesso fondamentale grazie ai suoi goal nei momenti cruciali della stagione e dei playoffs, come nella vittoriosa annata 2017\/18. L\u2019attaccante della Nazionale, negli anni precedenti all\u2019esperienza in EBEL e oggi ICE Hockey League, aveva militato a lungo tra le fila del Valpellice, oltre a due esperienze all\u2019estero (USA e Svezia).<\/p>\n<p>\u201cE\u2019 da febbraio che non si gioca e la voglia \u00e8 tanta \u2013 cos\u00ec Frigo \u2013 mi sento pronto, ho vissuto questo periodo con tanta voglia di ricominciare e finalmente \u00e8 arrivato il momento: con coach Ireland possiamo fare bene, ci preparer\u00e0 fin da subito dal punto di vista fisico e quindi dovremo dare il meglio di noi\u201d.<\/p>\n<p>Ulteriori informazioni su Luca Frigo: <a href=\"https:\/\/www.eliteprospects.com\/player\/43778\/luca-frigo\">https:\/\/www.eliteprospects.com\/player\/43778\/luca-frigo<\/a><\/p>\n","protected":false},"excerpt":{"rendered":"<p>L\u2019HCB Alto Adige Alperia oggi ha cominciato gli allenamenti al Palaonda di Bolzano. Sotto la guida di coach Greg Ireland, un organico ancora ridotto ha svolto un allenamento a secco e un\u2019ora di ghiaccio opzionale. Intanto il comparto sportivo della societ\u00e0 continua a costruire il roster per la stagione 2020\/21, mantenendo forte l\u2019obiettivo di confermare [&hellip;]<\/p>\n","protected":false},"author":5,"featured_media":45164,"comment_status":"closed","ping_status":"closed","sticky":false,"template":"","format":"standard","meta":{"_acf_changed":false,"footnotes":""},"categories":[12],"tags":[],"class_list":["post-45163","post","type-post","status-publish","format-standard","has-post-thumbnail","hentry","category-news-team-2"],"acf":[],"_links":{"self":[{"href":"https:\/\/www.hcb.net\/it\/wp-json\/wp\/v2\/posts\/45163","targetHints":{"allow":["GET"]}}],"collection":[{"href":"https:\/\/www.hcb.net\/it\/wp-json\/wp\/v2\/posts"}],"about":[{"href":"https:\/\/www.hcb.net\/it\/wp-json\/wp\/v2\/types\/post"}],"author":[{"embeddable":true,"href":"https:\/\/www.hcb.net\/it\/wp-json\/wp\/v2\/users\/5"}],"replies":[{"embeddable":true,"href":"https:\/\/www.hcb.net\/it\/wp-json\/wp\/v2\/comments?post=45163"}],"version-history":[{"count":1,"href":"https:\/\/www.hcb.net\/it\/wp-json\/wp\/v2\/posts\/45163\/revisions"}],"predecessor-version":[{"id":45166,"href":"https:\/\/www.hcb.net\/it\/wp-json\/wp\/v2\/posts\/45163\/revisions\/45166"}],"wp:featuredmedia":[{"embeddable":true,"href":"https:\/\/www.hcb.net\/it\/wp-json\/wp\/v2\/media\/45164"}],"wp:attachment":[{"href":"https:\/\/www.hcb.net\/it\/wp-json\/wp\/v2\/media?parent=45163"}],"wp:term":[{"taxonomy":"category","embeddable":true,"href":"https:\/\/www.hcb.net\/it\/wp-json\/wp\/v2\/categories?post=45163"},{"taxonomy":"post_tag","embeddable":true,"href":"https:\/\/www.hcb.net\/it\/wp-json\/wp\/v2\/tags?post=45163"}],"curies":[{"name":"wp","href":"https:\/\/api.w.org\/{rel}","templated":true}]}}