{"id":564630,"date":"2024-02-29T22:38:26","date_gmt":"2024-02-29T21:38:26","guid":{"rendered":"https:\/\/www.hcb.net\/?p=564630"},"modified":"2024-03-01T10:31:27","modified_gmt":"2024-03-01T09:31:27","slug":"ai-quarti-di-finale-sara-bolzano-contro-il-villach","status":"publish","type":"post","link":"https:\/\/www.hcb.net\/it\/ai-quarti-di-finale-sara-bolzano-contro-il-villach\/","title":{"rendered":"Ai quarti di finale sar\u00e0 Bolzano contro il Villach"},"content":{"rendered":"<p>Con l\u2019ultima sfida di pre-playoff chiusasi questa sera, con la qualificazione ai quarti di finale del Val Pusteria ai danni del Lubiana, in seguito al \u201cpick\u201d sono stati definiti gli accoppiamenti per il primo turno di playoff: l\u2019HCB Alto Adige Alperia, che ha chiuso la regular season al quarto posto, se la vedr\u00e0 contro <strong>l\u2019EC iDM W<\/strong><strong>\u00e4rmepumpen VSV.<\/strong><\/p>\n<p>Le due squadre si affronteranno ai playoff per la seconda volta nella storia: l\u2019ultimo precedente risale infatti al 2014, quando in semifinale i biancorossi si imposero per 3 a 1 (serie best-of-five) e andarono poi a vincere il loro primo titolo EBEL.<\/p>\n<p>Nei quattro precedenti stagionali le due squadre si sono imposte due volte ciascuna, sempre tra le mura di casa (Villach per 4-1 e 7-3, Bolzano per 5-4 OT e 3-2). IL VSV ha chiuso la regular season al sesto posto.<\/p>\n<p>I quarti di finale si apriranno domenica 3 marzo, con gara 1 in programma alle 18:00 alla Sparkasse Arena: da l\u00ec in poi si giocher\u00e0 ogni due giorni. Seguir\u00e0 nella giornata di sabato una preview pi\u00f9 approfondita.<\/p>\n<p>&nbsp;<\/p>\n<p><strong>Il calendario*<br \/>\nGara 1 \u2013 <\/strong>Domenica 3 marzo, ore 18:00 (Sparkasse Arena)<br \/>\n<strong>Gara 2 \u2013 <\/strong>Marted\u00ec 5 marzo @ Villach<br \/>\n<strong>Gara 3 \u2013 <\/strong>Gioved\u00ec 7 marzo, ore 19:30 (Sparkasse Arena)<br \/>\n<strong>Gara 4 \u2013 <\/strong>Sabato 9 marzo @ Villach<\/p>\n<p><em>se necessarie<br \/>\n<\/em><strong>Gara 5 \u2013 <\/strong>Luned\u00ec 11 marzo, ore 19:45 (Sparkasse Arena)<br \/>\n<strong>Gara 6 \u2013 <\/strong>Mercoled\u00ec 13 marzo @ Villach<br \/>\n<strong>Gara 7 \u2013 <\/strong>Venerd\u00ec 15 marzo, ore 19:45 (Sparkasse Arena)<\/p>\n<p>*<strong>gli orari potrebbero variare di 30 o 15 minuti in caso di dirette televisive. Leggere sempre le news sul sito per restare aggiornati. <\/strong><\/p>\n<p><strong>\u00a0<\/strong><\/p>\n<p><strong>Il programma dei quarti di finale<\/strong><\/p>\n<p>EC KAC (1) vs BEMER Pioneers Vorarlberg (8)<br \/>\nHydro Fehervar AV19 (2) vs HC Val Pusteria (7)<br \/>\nEC Red Bull Salzburg (3) vs Steinbach Black Wings Linz (5)<br \/>\nHCB S\u00fcdtirol Alperia (4) vs EC iDM W\u00e4rmepumpen VSV (6)<\/p>\n<p>&nbsp;<\/p>\n<p><strong>I biglietti<br \/>\n<\/strong>La vendita online dei biglietti <strong>per gara 1 <\/strong>\u00e8 gi\u00e0 attiva sul sito <a href=\"https:\/\/ticket.midaticket.it\/hcb\/Events\">https:\/\/ticket.midaticket.it\/hcb\/Events<\/a> e domani alle ore 15:00 inizier\u00e0 anche quella per gara 3.<\/p>\n<p>La prevendita in ufficio si terr\u00e0 in queste giornate:<\/p>\n<ul>\n<li>venerd\u00ec 1\u00b0 marzo: 11:00-13:00 &#8211; <strong>gara 1 <\/strong>+ 16:00-18:30 (ufficio) \u2013 <strong>gara 1 e gara 3<\/strong><\/li>\n<li>sabato 2 marzo: 11:00-13:00 (ufficio) \u2013 <strong>gara 1 e gara 3<\/strong><\/li>\n<li>domenica 3 marzo: 11:00-13:00 + dalle 16:00 (casse) \u2013 <strong>solo gara 1<\/strong><\/li>\n<\/ul>\n<p><strong>Gli abbonati BASE avranno la prelazione sul proprio posto della regular season fino a 24 ore prima dell\u2019ingaggio iniziale<\/strong>. E\u2019 possibile ottenere il biglietto anche online inserendo direttamente nel campo apposito il CODPR del proprio abbonamento.<\/p>\n<p>&nbsp;<\/p>\n<p>&nbsp;<\/p>\n","protected":false},"excerpt":{"rendered":"<p>Con l\u2019ultima sfida di pre-playoff chiusasi questa sera, con la qualificazione ai quarti di finale del Val Pusteria ai danni del Lubiana, in seguito al \u201cpick\u201d sono stati definiti gli accoppiamenti per il primo turno di playoff: l\u2019HCB Alto Adige Alperia, che ha chiuso la regular season al quarto posto, se la vedr\u00e0 contro l\u2019EC [&hellip;]<\/p>\n","protected":false},"author":5,"featured_media":564632,"comment_status":"closed","ping_status":"closed","sticky":false,"template":"","format":"standard","meta":{"_acf_changed":false,"footnotes":""},"categories":[12],"tags":[],"class_list":["post-564630","post","type-post","status-publish","format-standard","has-post-thumbnail","hentry","category-news-team-2"],"acf":[],"_links":{"self":[{"href":"https:\/\/www.hcb.net\/it\/wp-json\/wp\/v2\/posts\/564630","targetHints":{"allow":["GET"]}}],"collection":[{"href":"https:\/\/www.hcb.net\/it\/wp-json\/wp\/v2\/posts"}],"about":[{"href":"https:\/\/www.hcb.net\/it\/wp-json\/wp\/v2\/types\/post"}],"author":[{"embeddable":true,"href":"https:\/\/www.hcb.net\/it\/wp-json\/wp\/v2\/users\/5"}],"replies":[{"embeddable":true,"href":"https:\/\/www.hcb.net\/it\/wp-json\/wp\/v2\/comments?post=564630"}],"version-history":[{"count":3,"href":"https:\/\/www.hcb.net\/it\/wp-json\/wp\/v2\/posts\/564630\/revisions"}],"predecessor-version":[{"id":566957,"href":"https:\/\/www.hcb.net\/it\/wp-json\/wp\/v2\/posts\/564630\/revisions\/566957"}],"wp:featuredmedia":[{"embeddable":true,"href":"https:\/\/www.hcb.net\/it\/wp-json\/wp\/v2\/media\/564632"}],"wp:attachment":[{"href":"https:\/\/www.hcb.net\/it\/wp-json\/wp\/v2\/media?parent=564630"}],"wp:term":[{"taxonomy":"category","embeddable":true,"href":"https:\/\/www.hcb.net\/it\/wp-json\/wp\/v2\/categories?post=564630"},{"taxonomy":"post_tag","embeddable":true,"href":"https:\/\/www.hcb.net\/it\/wp-json\/wp\/v2\/tags?post=564630"}],"curies":[{"name":"wp","href":"https:\/\/api.w.org\/{rel}","templated":true}]}}