{"id":566962,"date":"2024-03-02T13:38:07","date_gmt":"2024-03-02T12:38:07","guid":{"rendered":"https:\/\/www.hcb.net\/?p=566962"},"modified":"2024-03-02T13:38:07","modified_gmt":"2024-03-02T12:38:07","slug":"bolzano-contro-villach-domani-iniziano-i-playoffs","status":"publish","type":"post","link":"https:\/\/www.hcb.net\/it\/bolzano-contro-villach-domani-iniziano-i-playoffs\/","title":{"rendered":"Bolzano contro Villach \u2013 Domani iniziano i playoffs"},"content":{"rendered":"<p>Ci siamo. Dopo 48 partite, 170 giorni e 2.894 minuti giocati, \u00e8 giunto il momento tanto atteso. Da domani in ICE Hockey League sar\u00e0 tempo di playoff. I vicecampioni in carica dell\u2019HCB Alto Adige Alperia, quarti dopo la regular season, incroceranno le stecche ai quarti di finale con gli austriaci dell\u2019<strong>EC iDM W<\/strong><strong>\u00e4rmepumpen VSV<\/strong>, che hanno chiuso invece in sesta posizione. L\u2019unico precedente ai playoff tra le due compagini risale al 2014, quando in semifinale i biancorossi si imposero per 3 a 1 nella serie best-of-five e andarono poi a vincere il loro primo titolo EBEL.<\/p>\n<p><strong><span style=\"color: #ff0000;\">Le date<\/span><br \/>\n<\/strong>La sfida inizier\u00e0 domani, quando alle ore 18:00 alla Sparkasse Arena di Bolzano andr\u00e0 in scena gara 1. Si giocher\u00e0 poi ogni due giorni, con la classifica alternanza \u201ccasa-trasferta\u201d fino alla possibile gara 7 del 15 marzo. In fondo a questo comunicato il calendario nel dettaglio.<\/p>\n<p><strong><span style=\"color: #ff0000;\">I precedenti stagionali<\/span><br \/>\n<\/strong>Nei quattro precedenti stagionali le due squadre si sono imposte due volte ciascuna, sempre tra le mura di casa. Il 19 settembre il VSV ha avuto la meglio di un Bolzano ancora \u201cin fase embrionale\u201d con il punteggio di 4 a 1, ma i biancorossi hanno saputo rifarsi davanti al proprio pubblico prima il 17 novembre (5 a 4 all\u2019overtime, con rete decisiva di Teves) e poi il 26 dicembre, con il punteggio di 3 a 2. Nell\u2019ultimo scontro diretto, andato in scena il 16 febbraio alla Stadthalle, i carinziani hanno avuto la meglio con un pi\u00f9 netto 7 a 3.<\/p>\n<p><strong><span style=\"color: #ff0000;\">La stagione e i numeri del Bolzano<\/span><br \/>\n<\/strong>Com\u2019\u00e8 noto, i Foxes hanno vissuto un avvio di stagione da dimenticare. Una sfortunata campagna in Champions Hockey League ha fatto il paio con ben 9 sconfitte nelle prime 10 giornate di campionato. Dopo il ritorno di Glen Hanlon in panchina, per\u00f2, la squadra \u00e8 riuscita a svoltare, centrando un\u2019incredibile serie di 10 vittorie consecutive, 17 in 19 partite a cavallo tra il 22 ottobre e il 28 dicembre. Da l\u00ec in poi \u00e8 iniziata una lunga battaglia per la Top Six, tra partite di grande livello, uscite a vuoto e rimonte sensazionali: alla fine, per\u00f2, Frank e compagni sono riusciti a conquistare non solo un posto tra le prime sei, ma anche in Top 4, conquistando cos\u00ec il vantaggio del ghiaccio per il primo turno.<\/p>\n<p>Il Bolzano ha messo a segno 147 reti (ottavo attacco della lega), a fronte di 125 goal subiti (quarta miglior difesa). Il top scorer biancorosso \u00e8 <strong>Christian Thomas<\/strong> (38 punti, 17 goal e 21 assist), mentre il primo marcatore \u00e8 <strong>Dustin Gazley<\/strong>, a segno per 18 volte. Il miglior assistman porta il nome del difensore <strong>Davis Vandane<\/strong> (28) ed \u00e8 sempre lui, insieme a <strong>Mike Halmo<\/strong>, a guidare la classifica interna del plus\/minus (+16).<\/p>\n<p>Tra i pali c\u2019\u00e8 grande fiducia per uno dei trascinatori degli scorsi playoffs, <strong>Sam Harvey<\/strong>: il goalie canadese dal suo ritorno a Bolzano ha parato con l\u201989,2% (6-4-0), ottenendo due shutouts. Il suo backup \u00e8 un affidabilissimo <strong>Gianluca Vallini<\/strong>, che nelle 14 partite in cui \u00e8 stato chiamato in causa ha parato con un\u2019eccezionale media del 93,4% (11-1-0) e ha firmato 3 shutouts.<\/p>\n<p>In questi playoffs il Bolzano cercher\u00e0 maggiori soddisfazioni dal powerplay, che in regular season \u00e8 risultato il penultimo della lega con una percentuale realizzativa del 17,4%. Il penalty killing biancorosso si piazza invece al terzo posto della speciale classifica, con un\u2019efficacia dell\u201982,7%.<\/p>\n<p><strong><span style=\"color: #ff0000;\">La stagione e i numeri del VSV<\/span><br \/>\n<\/strong>Il Villach si \u00e8 imposto tra i protagonisti del campionato fin dalle prime giornate. Nel mese di novembre, per\u00f2, i carinziani hanno vissuto un momento complicato, incappando in 8 sconfitte nel giro di 10 partite: a farne le spese \u00e8 stato Rob Daum, sostituito dall\u2019attuale coach Marcel Rodman. Da l\u00ec in poi il VSV ha cercato di riassestarsi, mantenendo per\u00f2 sempre un andamento a singhiozzo (mai pi\u00f9 di due vittorie consecutive da novembre in poi): Rauchenwald e compagni, cos\u00ec come il Bolzano, si sono ritrovati quindi invischiati nella lotta per un accesso diretto ai playoff, concretizzatosi grazie al successo nello scontro diretto con l\u2019Innsbruck nella penultima giornata di gioco. Una formazione rinforzatasi nelle ultime settimane, con l\u2019arrivo del difensore canadese Cap e dei due connazionali del reparto offensivo Golod e Steenbergen.<\/p>\n<p>Il VSV vanta il terzo miglior attacco del campionato con 160 reti segnate, ma dall\u2019altra la sesta peggior difesa (e seconda peggiore delle squadre classificate ai playoff), con 139 goal incassati. Il primo grattacapo per i biancorossi sar\u00e0 quello relativo alla gestione delle tante bocche da fuoco in forza agli austriaci: in primis il \u201csolito\u201d <strong>John Hughes<\/strong>, top scorer con 60 punti (15+45), ma attenzione anche al primo marcatore <strong>Robert Sabolic<\/strong> (21 reti, con 23 assist, oltre al miglior plus\/minus della squadra con un +21), cos\u00ec come a <strong>Kevin Hancock<\/strong> (15+32) e <strong>Andrew Desjardins<\/strong> (13+24).<\/p>\n<p>Il portiere \u00e8 un veterano di questa lega: all\u2019alba dei 40 anni <strong>Jean Philipp Lamoureux<\/strong> (23-19-0), gi\u00e0 due volte campione e una volta MVP del campionato con i Red Bulls, sta parando con il 91,5%: per lui anche uno shutout. Lo statunitense \u00e8 anche il secondo portiere con il pi\u00f9 alto minutaggio del campionato (2.568 minuti e 43 partite da titolare). A fargli da backup c\u2019\u00e8 <strong>Ren\u00e8 Swette<\/strong>, che in cinque partite ha parato con l\u201987,6%.<\/p>\n<p>Nonostante le statistiche dei goal segnati e subiti, negli special teams il dato si inverte: il Villach ha un powerplay solo leggermente superiore a quello biancorosso (18,8%), mentre il penalty killing \u00e8 il migliore di tutta la lega (84,1%).<\/p>\n<p><strong><span style=\"color: #ff0000;\">I biglietti<\/span><br \/>\n<\/strong>La vendita online dei biglietti <strong>per gara 1 e gara 3 <\/strong>\u00e8 gi\u00e0 attiva sul sito <a href=\"https:\/\/ticket.midaticket.it\/hcb\/Events\">https:\/\/ticket.midaticket.it\/hcb\/Events<\/a>.<\/p>\n<p>La prevendita in ufficio si terr\u00e0 in queste giornate:<\/p>\n<ul>\n<li>domenica 3 marzo: 11:00-13:00 + dalle 16:00 (casse) \u2013 <strong>solo gara 1<\/strong><\/li>\n<li>marted\u00ec 5 marzo: 11:00-13:00 + 16:00-18:30 (ufficio) \u2013 <strong>gara 3 <\/strong><\/li>\n<li>mercoled\u00ec 6 marzo: 11:00-13:00 + 16:00-18:30 (ufficio) \u2013 <strong>gara 3 <\/strong><\/li>\n<li>gioved\u00ec 7 marzo: 13:00-14:30 + dalle 17:30 in poi (casse) \u2013 <strong>gara 3<\/strong><\/li>\n<\/ul>\n<p><strong>Gli abbonati BASE avranno la prelazione sul proprio posto della regular season fino a 24 ore prima dell\u2019ingaggio iniziale<\/strong>. E\u2019 possibile ottenere il biglietto anche online inserendo direttamente nel campo apposito il CODPR del proprio abbonamento.<\/p>\n<p>&nbsp;<\/p>\n<p><strong><span style=\"color: #ff0000;\">Il calendario*<\/span><br \/>\nGara 1 \u2013 <\/strong>Domenica 3 marzo, ore 18:00 (Sparkasse Arena, Bolzano)<br \/>\n<strong>Gara 2 \u2013 <\/strong>Marted\u00ec 5 marzo, ore 19:15 (Stadthalle, Villach)<br \/>\n<strong>Gara 3 \u2013 <\/strong>Gioved\u00ec 7 marzo, ore 19:30 (Sparkasse Arena, Bolzano)<br \/>\n<strong>Gara 4 \u2013 <\/strong>Sabato 9 marzo, ore 19:15 (Stadthalle, Villach)<\/p>\n<p><em>se necessarie<br \/>\n<\/em><strong>Gara 5 \u2013 <\/strong>Luned\u00ec 11 marzo, ore 19:45 (Sparkasse Arena)<br \/>\n<strong>Gara 6 \u2013 <\/strong>Mercoled\u00ec 13 marzo, ore 19:15 (Stadthalle, Villach)<br \/>\n<strong>Gara 7 \u2013 <\/strong>Venerd\u00ec 15 marzo, ore 19:45 (Sparkasse Arena)<\/p>\n<p>*<strong>gli orari potrebbero variare di 30 o 15 minuti in caso di dirette televisive. Leggere sempre le news sul sito per restare aggiornati. <\/strong><\/p>\n<p><strong>\u00a0<\/strong><\/p>\n<p><span style=\"color: #ff0000;\"><strong>Il programma completo dei quarti di finale<\/strong><\/span><\/p>\n<p>EC KAC (1) vs BEMER Pioneers Vorarlberg (8)<br \/>\nHydro Fehervar AV19 (2) vs HC Val Pusteria (7)<br \/>\nEC Red Bull Salzburg (3) vs Steinbach Black Wings Linz (5)<br \/>\nHCB S\u00fcdtirol Alperia (4) vs EC iDM W\u00e4rmepumpen VSV (6)<\/p>\n<p>&nbsp;<\/p>\n<p><iframe loading=\"lazy\" title=\"I Foxes si preparano a gara 1 dei quarti di finale\" width=\"1210\" height=\"681\" src=\"https:\/\/www.youtube.com\/embed\/R-9NrBw2WKg?feature=oembed\" frameborder=\"0\" allow=\"accelerometer; autoplay; clipboard-write; encrypted-media; gyroscope; picture-in-picture; web-share\" allowfullscreen><\/iframe><\/p>\n","protected":false},"excerpt":{"rendered":"<p>Ci siamo. Dopo 48 partite, 170 giorni e 2.894 minuti giocati, \u00e8 giunto il momento tanto atteso. Da domani in ICE Hockey League sar\u00e0 tempo di playoff. I vicecampioni in carica dell\u2019HCB Alto Adige Alperia, quarti dopo la regular season, incroceranno le stecche ai quarti di finale con gli austriaci dell\u2019EC iDM W\u00e4rmepumpen VSV, che [&hellip;]<\/p>\n","protected":false},"author":5,"featured_media":566963,"comment_status":"closed","ping_status":"closed","sticky":false,"template":"","format":"standard","meta":{"_acf_changed":false,"footnotes":""},"categories":[12],"tags":[],"class_list":["post-566962","post","type-post","status-publish","format-standard","has-post-thumbnail","hentry","category-news-team-2"],"acf":[],"_links":{"self":[{"href":"https:\/\/www.hcb.net\/it\/wp-json\/wp\/v2\/posts\/566962","targetHints":{"allow":["GET"]}}],"collection":[{"href":"https:\/\/www.hcb.net\/it\/wp-json\/wp\/v2\/posts"}],"about":[{"href":"https:\/\/www.hcb.net\/it\/wp-json\/wp\/v2\/types\/post"}],"author":[{"embeddable":true,"href":"https:\/\/www.hcb.net\/it\/wp-json\/wp\/v2\/users\/5"}],"replies":[{"embeddable":true,"href":"https:\/\/www.hcb.net\/it\/wp-json\/wp\/v2\/comments?post=566962"}],"version-history":[{"count":2,"href":"https:\/\/www.hcb.net\/it\/wp-json\/wp\/v2\/posts\/566962\/revisions"}],"predecessor-version":[{"id":566968,"href":"https:\/\/www.hcb.net\/it\/wp-json\/wp\/v2\/posts\/566962\/revisions\/566968"}],"wp:featuredmedia":[{"embeddable":true,"href":"https:\/\/www.hcb.net\/it\/wp-json\/wp\/v2\/media\/566963"}],"wp:attachment":[{"href":"https:\/\/www.hcb.net\/it\/wp-json\/wp\/v2\/media?parent=566962"}],"wp:term":[{"taxonomy":"category","embeddable":true,"href":"https:\/\/www.hcb.net\/it\/wp-json\/wp\/v2\/categories?post=566962"},{"taxonomy":"post_tag","embeddable":true,"href":"https:\/\/www.hcb.net\/it\/wp-json\/wp\/v2\/tags?post=566962"}],"curies":[{"name":"wp","href":"https:\/\/api.w.org\/{rel}","templated":true}]}}