{"id":864527,"date":"2025-02-28T22:19:11","date_gmt":"2025-02-28T21:19:11","guid":{"rendered":"https:\/\/www.hcb.net\/?p=864527"},"modified":"2025-03-01T08:39:40","modified_gmt":"2025-03-01T07:39:40","slug":"il-bolzano-contro-il-vsv-ai-quarti-di-finale","status":"publish","type":"post","link":"https:\/\/www.hcb.net\/it\/il-bolzano-contro-il-vsv-ai-quarti-di-finale\/","title":{"rendered":"Il Bolzano contro il VSV ai quarti di finale"},"content":{"rendered":"<p>Con il \u201cpick\u201d tenutosi poco fa, a margine del match tra il Fehervar e il Vienna che ha visto gli ungheresi aggiudicarsi l\u2019ultimo posto disponibile per i playoffs, \u00e8 stata definita la griglia per i quarti di finale. L\u2019HCB Alto Adige Alperia, per il secondo anno consecutivo, se la vedr\u00e0 contro l\u2019<strong>EC iDM W<\/strong><strong>\u00e4rmepumpen VSV<\/strong>.<\/p>\n<p>Seguir\u00e0 domani preview pi\u00f9 dettagliata.<\/p>\n<p><strong>L\u2019EC VSV<br \/>\n<\/strong>Si tratter\u00e0 del terzo scontro diretto ai playoffs tra le due compagini. Il primo confronto avvenne nel 2014, quando il Bolzano ebbe la meglio in semifinale per 3 a 1 nella serie best-of-five, andando poi a prendersi il titolo nella finale contro Salisburgo. Il secondo invece \u00e8 molto pi\u00f9 recente e risale alla stagione passata: anche in questo caso furono i Foxes a spuntarla per 4 a 1, al termine di una serie molto dura e senza esclusione di colpi. Tornando invece a questa stagione, nei quattro precedenti i biancorossi l\u2019hanno spuntata per 3 volte (di cui una ai tiri di rigore), mettendo a segno 9 goal e subendone 8: tutte le sfide infatti sono terminate con risultati di misura.<\/p>\n<p><strong>Il calendario<br \/>\n<\/strong>Gara 1 si terr\u00e0 domenica 2 marzo, alle ore 18:00, alla Sparkasse Arena di Bolzano. La serie proseguir\u00e0 poi nell\u2019alternanza \u201c<em>home away home away<\/em>\u201d, con giornate di gioco sempre il marted\u00ec, venerd\u00ec e domenica. Gara 3 in casa andr\u00e0 in scena venerd\u00ec 7 marzo, alle ore 19:45. Attenzione: gli orari potrebbero ancora subire lievi variazioni in caso di dirette televisive. Il calendario a fondo pagina.<\/p>\n<p><strong>I biglietti<br \/>\n<\/strong>I biglietti per gara 1 sono gi\u00e0 in vendita online e potranno essere acquistati anche in prevendita ai seguenti orari:<\/p>\n<ul>\n<li>Sabato 1\u00b0 marzo, dalle 11:00 alle 13:00<\/li>\n<li>Domenica 2 marzo, dalle 11:00 alle 13:00 e dalle 16:00 in poi<\/li>\n<\/ul>\n<p>I biglietti per gara 3 saranno invece messi in vendita online luned\u00ec 3 marzo, a partire dalle ore 15:00. Le prevendite invece si terranno come segue:<\/p>\n<ul>\n<li>Mercoled\u00ec 5 marzo, dalle 16:00 alle 18:00 (ufficio)<\/li>\n<li>Gioved\u00ec 6 marzo, dalle 16:00 alle 18:00 (ufficio)<\/li>\n<li>Venerd\u00ec 7 marzo, dalle 13:00 alle 14:30 e dalle 17:45 in poi<\/li>\n<\/ul>\n<p><strong>\u00a0<\/strong><\/p>\n<p><strong>\u00a0<\/strong><strong>Le dirette streaming e TV<br \/>\n<\/strong>Le partite in casa potranno essere seguite in diretta streaming pay-per-view sul portale della ICE Hockey League, <a href=\"https:\/\/live.ice.hockey\">https:\/\/live.ice.hockey<\/a>. Gara 2 e gara 4, in programma invece a Villach, saranno trasmesse in diretta gratuita su <strong>DAZN<\/strong> e <strong>TV33<\/strong>.<\/p>\n<p>&nbsp;<\/p>\n<p><strong>Il calendario <em>(gli orari possono subire variazioni in caso di dirette televisive)<\/em><\/strong><\/p>\n<p>Gara 1 \u2013 Domenica 2 marzo, ore 18:00 \u2013 Sparkasse Arena, Bolzano)<\/p>\n<p>Gara 2 \u2013 Marted\u00ec 4 marzo, ore 19:15 \u2013 Stadthalle, Villach<\/p>\n<p>Gara 3 \u2013 Venerd\u00ec 7 marzo, ore 19:45 \u2013 Sparkasse Arena, Bolzano<\/p>\n<p>Gara 4 \u2013 Domenica 9 marzo, ore 17:30 \u2013 Stadthalle, Villach<\/p>\n<p><em>se necessario<\/em><\/p>\n<p>Gara 5 \u2013 Marted\u00ec 11 marzo, ore 19:45 \u2013 Sparkasse Arena, Bolzano<\/p>\n<p>Gara 6 \u2013 Venerd\u00ec 14 marzo, ore 19:15 \u2013 Stadthalle, Villach<\/p>\n<p>Gara 7 \u2013 Domenica 16 marzo, ore 18:00 \u2013 Sparkasse Arena, Bolzano<\/p>\n<p>&nbsp;<\/p>\n<p><strong>Il programma dei quarti di finale <\/strong><\/p>\n<p>EC KAC \u2013 HC Val Pusteria<\/p>\n<p>EC Red Bull Salzburg \u2013 Hydro Fehervar AV19<\/p>\n<p>HCB Alto Adige Alperia \u2013 EC iDM W\u00e4rmepumpen VSV<\/p>\n<p>Steinbach Black Wings Linz \u2013 \u00a0Moser Medical Graz99ers<\/p>\n<p>&nbsp;<\/p>\n<p>&nbsp;<\/p>\n<p>&nbsp;<\/p>\n","protected":false},"excerpt":{"rendered":"<p>Con il \u201cpick\u201d tenutosi poco fa, a margine del match tra il Fehervar e il Vienna che ha visto gli ungheresi aggiudicarsi l\u2019ultimo posto disponibile per i playoffs, \u00e8 stata definita la griglia per i quarti di finale. L\u2019HCB Alto Adige Alperia, per il secondo anno consecutivo, se la vedr\u00e0 contro l\u2019EC iDM W\u00e4rmepumpen VSV. [&hellip;]<\/p>\n","protected":false},"author":5,"featured_media":864528,"comment_status":"closed","ping_status":"closed","sticky":false,"template":"","format":"standard","meta":{"_acf_changed":false,"footnotes":""},"categories":[12],"tags":[],"class_list":["post-864527","post","type-post","status-publish","format-standard","has-post-thumbnail","hentry","category-news-team-2"],"acf":[],"_links":{"self":[{"href":"https:\/\/www.hcb.net\/it\/wp-json\/wp\/v2\/posts\/864527","targetHints":{"allow":["GET"]}}],"collection":[{"href":"https:\/\/www.hcb.net\/it\/wp-json\/wp\/v2\/posts"}],"about":[{"href":"https:\/\/www.hcb.net\/it\/wp-json\/wp\/v2\/types\/post"}],"author":[{"embeddable":true,"href":"https:\/\/www.hcb.net\/it\/wp-json\/wp\/v2\/users\/5"}],"replies":[{"embeddable":true,"href":"https:\/\/www.hcb.net\/it\/wp-json\/wp\/v2\/comments?post=864527"}],"version-history":[{"count":2,"href":"https:\/\/www.hcb.net\/it\/wp-json\/wp\/v2\/posts\/864527\/revisions"}],"predecessor-version":[{"id":867224,"href":"https:\/\/www.hcb.net\/it\/wp-json\/wp\/v2\/posts\/864527\/revisions\/867224"}],"wp:featuredmedia":[{"embeddable":true,"href":"https:\/\/www.hcb.net\/it\/wp-json\/wp\/v2\/media\/864528"}],"wp:attachment":[{"href":"https:\/\/www.hcb.net\/it\/wp-json\/wp\/v2\/media?parent=864527"}],"wp:term":[{"taxonomy":"category","embeddable":true,"href":"https:\/\/www.hcb.net\/it\/wp-json\/wp\/v2\/categories?post=864527"},{"taxonomy":"post_tag","embeddable":true,"href":"https:\/\/www.hcb.net\/it\/wp-json\/wp\/v2\/tags?post=864527"}],"curies":[{"name":"wp","href":"https:\/\/api.w.org\/{rel}","templated":true}]}}