{"id":938825,"date":"2025-04-07T10:30:40","date_gmt":"2025-04-07T09:30:40","guid":{"rendered":"https:\/\/www.hcb.net\/?p=938825"},"modified":"2025-04-07T10:35:06","modified_gmt":"2025-04-07T09:35:06","slug":"le-strade-di-glen-hanlon-e-del-bolzano-si-separano","status":"publish","type":"post","link":"https:\/\/www.hcb.net\/it\/le-strade-di-glen-hanlon-e-del-bolzano-si-separano\/","title":{"rendered":"Le strade di Glen Hanlon e del Bolzano si separano"},"content":{"rendered":"<p>L\u2019HCB Alto Adige Alperia comunica ufficialmente che Glen Hanlon non sar\u00e0 pi\u00f9 l\u2019head coach della prima squadra. Il 68enne canadese per motivi personali ha infatti manifestato l\u2019intenzione di non proseguire la sua avventura sul pancone dei Foxes.<\/p>\n<p>\u201c\u00c8 stato un onore e un privilegio essere l\u2019allenatore di questa squadra \u2013 si congeda cos\u00ec Hanlon \u2013, cos\u00ec come poter rappresentare questa gloriosa societ\u00e0, i suoi tifosi e la citt\u00e0 di Bolzano. Ringrazio tutto il management, i giocatori, lo staff, a cui auguro di proseguire la storia di successi che ha sempre caratterizzato l\u2019HCB. Sono stati tre anni speciali, che porter\u00f2 sempre nel cuore: per me, al momento, \u00e8 arrivato il tempo di tornare a casa, dalla mia famiglia\u201d.<\/p>\n<p>Hanlon era arrivato a Bolzano per la prima volta nella stagione 2022\/23, guidando la squadra fino a gara 7 di finale. L\u2019anno successivo era tornato poco dopo l\u2019inizio della stagione, riprendendo in mano le redini dei biancorossi e portandoli questa volta fino in semifinale, percorso che si \u00e8 ripetuto quest\u2019anno. Nel complesso, in 183 partite a Bolzano, ha ottenuto 123 vittorie e 60 sconfitte, con una percentuale di successo del 67,21%.<\/p>\n<p>La societ\u00e0 desidera ringraziare Glen Hanlon per gli sforzi intrapresi e per il lavoro svolto negli ultimi tre anni, augurandogli il meglio per il proseguimento della vita professionale e privata.<\/p>\n<p>L\u2019HCB sta gi\u00e0 lavorando per individuare il nuovo head coach, cos\u00ec come sono gi\u00e0 in corso i contatti per la costruzione della squadra.<\/p>\n","protected":false},"excerpt":{"rendered":"<p>L\u2019HCB Alto Adige Alperia comunica ufficialmente che Glen Hanlon non sar\u00e0 pi\u00f9 l\u2019head coach della prima squadra. Il 68enne canadese per motivi personali ha infatti manifestato l\u2019intenzione di non proseguire la sua avventura sul pancone dei Foxes. \u201c\u00c8 stato un onore e un privilegio essere l\u2019allenatore di questa squadra \u2013 si congeda cos\u00ec Hanlon \u2013, [&hellip;]<\/p>\n","protected":false},"author":5,"featured_media":938827,"comment_status":"closed","ping_status":"closed","sticky":false,"template":"","format":"standard","meta":{"_acf_changed":false,"footnotes":""},"categories":[12],"tags":[],"class_list":["post-938825","post","type-post","status-publish","format-standard","has-post-thumbnail","hentry","category-news-team-2"],"acf":[],"_links":{"self":[{"href":"https:\/\/www.hcb.net\/it\/wp-json\/wp\/v2\/posts\/938825","targetHints":{"allow":["GET"]}}],"collection":[{"href":"https:\/\/www.hcb.net\/it\/wp-json\/wp\/v2\/posts"}],"about":[{"href":"https:\/\/www.hcb.net\/it\/wp-json\/wp\/v2\/types\/post"}],"author":[{"embeddable":true,"href":"https:\/\/www.hcb.net\/it\/wp-json\/wp\/v2\/users\/5"}],"replies":[{"embeddable":true,"href":"https:\/\/www.hcb.net\/it\/wp-json\/wp\/v2\/comments?post=938825"}],"version-history":[{"count":2,"href":"https:\/\/www.hcb.net\/it\/wp-json\/wp\/v2\/posts\/938825\/revisions"}],"predecessor-version":[{"id":938849,"href":"https:\/\/www.hcb.net\/it\/wp-json\/wp\/v2\/posts\/938825\/revisions\/938849"}],"wp:featuredmedia":[{"embeddable":true,"href":"https:\/\/www.hcb.net\/it\/wp-json\/wp\/v2\/media\/938827"}],"wp:attachment":[{"href":"https:\/\/www.hcb.net\/it\/wp-json\/wp\/v2\/media?parent=938825"}],"wp:term":[{"taxonomy":"category","embeddable":true,"href":"https:\/\/www.hcb.net\/it\/wp-json\/wp\/v2\/categories?post=938825"},{"taxonomy":"post_tag","embeddable":true,"href":"https:\/\/www.hcb.net\/it\/wp-json\/wp\/v2\/tags?post=938825"}],"curies":[{"name":"wp","href":"https:\/\/api.w.org\/{rel}","templated":true}]}}