{"id":990722,"date":"2025-06-24T06:59:31","date_gmt":"2025-06-24T05:59:31","guid":{"rendered":"https:\/\/www.hcb.net\/?p=990722"},"modified":"2025-06-24T06:59:31","modified_gmt":"2025-06-24T05:59:31","slug":"capitan-daniel-frank-fa-13-con-il-bolzano","status":"publish","type":"post","link":"https:\/\/www.hcb.net\/it\/capitan-daniel-frank-fa-13-con-il-bolzano\/","title":{"rendered":"Capitan Daniel Frank fa 13 con il Bolzano"},"content":{"rendered":"<p>L\u2019HCB Alto Adige Alperia comunica ufficialmente di avere trovato l\u2019accordo per il rinnovo del contratto del capitano <strong>Daniel Frank <\/strong>anche per la stagione 2025\/26. Il 31enne attaccante altoatesino sar\u00e0 alla sua tredicesima stagione con la maglia biancorossa, raggiungendo cos\u00ec il precedente capitano, Anton Bernard.<\/p>\n<p>\u201cFrankie\u201d vanta gi\u00e0 657 presenze con l\u2019HCB ed \u00e8 tra gli \u201call timer\u201d della storia biancorossa. Il prossimo obiettivo \u00e8 il quarto gradino del podio (<em>dati Eliteprospects<\/em>) al momento occupato da Stefan Zisser, ritiratosi nel 2015 con 685 partite all\u2019attivo. In carriera Frank, che \u00e8 capitano dal 2022, ha vinto due Karl Nedwed Trophies (2014 e 2018), oltre ad aver giocato altre due finali.<\/p>\n<p>\u201cLa maglia del Bolzano \u00e8 la mia seconda pelle \u2013 spiega il capitano \u2013. La stagione appena passata \u00e8 stata per me complicata dal punto di vista fisico, ma l\u2019infortunio \u00e8 completamente smaltito e sono pronto ad affrontare al meglio il prossimo campionato. Sar\u00e0 importante restare concentrati perch\u00e9 il doppio impegno sar\u00e0 sicuramente oneroso, per questo \u00e8 fondamentale non solo la preparazione fisica, ma anche la forza mentale e quella del gruppo, fattori che dovranno accompagnarci per tutta la stagione. Bolzano \u00e8 una piazza che merita il meglio: i tifosi danno tutto sugli spalti e noi dovremo lasciare sul ghiaccio ogni goccia di sudore. Non dovranno esistere compromessi, se vogliamo arrivare fino in fondo\u201d.<\/p>\n<p><strong>La carriera<br \/>\n<\/strong>Daniel Frank sbarca a Bolzano al primo anno di EBEL, nel 2013, dopo le giovanili con Red Bull Academy e Kaufbeuren e un anno in Serie A2 con il Merano. Da quel momento in poi si costruir\u00e0 una carriera che lo porter\u00e0 ad essere uno dei giocatori pi\u00f9 amati della storia recente dell\u2019Hockey Club Bolzano. In biancorosso vince due campionati (2014 e 2018), gioca altrettante finali e partecipa a quattro edizioni della Champions Hockey League. Dopo aver vestito la \u201cA\u201d di assistente, nel 2022 diventa il nuovo capitano.<\/p>\n<p>Ha inoltre vestito per 92 volte la maglia della Nazionale italiana, di cui \u00e8 stato sia capitano che assistente, giocando tre Mondiali Top Division e un Mondiale Divisione I Gruppo A.<\/p>\n<p>Ulteriori informazioni su Daniel Frank: <a href=\"https:\/\/www.eliteprospects.com\/player\/99492\/daniel-frank\">https:\/\/www.eliteprospects.com\/player\/99492\/daniel-frank<\/a><\/p>\n","protected":false},"excerpt":{"rendered":"<p>L\u2019HCB Alto Adige Alperia comunica ufficialmente di avere trovato l\u2019accordo per il rinnovo del contratto del capitano Daniel Frank anche per la stagione 2025\/26. Il 31enne attaccante altoatesino sar\u00e0 alla sua tredicesima stagione con la maglia biancorossa, raggiungendo cos\u00ec il precedente capitano, Anton Bernard. \u201cFrankie\u201d vanta gi\u00e0 657 presenze con l\u2019HCB ed \u00e8 tra gli [&hellip;]<\/p>\n","protected":false},"author":5,"featured_media":990723,"comment_status":"closed","ping_status":"closed","sticky":false,"template":"","format":"standard","meta":{"_acf_changed":false,"footnotes":""},"categories":[12],"tags":[],"class_list":["post-990722","post","type-post","status-publish","format-standard","has-post-thumbnail","hentry","category-news-team-2"],"acf":[],"_links":{"self":[{"href":"https:\/\/www.hcb.net\/it\/wp-json\/wp\/v2\/posts\/990722","targetHints":{"allow":["GET"]}}],"collection":[{"href":"https:\/\/www.hcb.net\/it\/wp-json\/wp\/v2\/posts"}],"about":[{"href":"https:\/\/www.hcb.net\/it\/wp-json\/wp\/v2\/types\/post"}],"author":[{"embeddable":true,"href":"https:\/\/www.hcb.net\/it\/wp-json\/wp\/v2\/users\/5"}],"replies":[{"embeddable":true,"href":"https:\/\/www.hcb.net\/it\/wp-json\/wp\/v2\/comments?post=990722"}],"version-history":[{"count":1,"href":"https:\/\/www.hcb.net\/it\/wp-json\/wp\/v2\/posts\/990722\/revisions"}],"predecessor-version":[{"id":990725,"href":"https:\/\/www.hcb.net\/it\/wp-json\/wp\/v2\/posts\/990722\/revisions\/990725"}],"wp:featuredmedia":[{"embeddable":true,"href":"https:\/\/www.hcb.net\/it\/wp-json\/wp\/v2\/media\/990723"}],"wp:attachment":[{"href":"https:\/\/www.hcb.net\/it\/wp-json\/wp\/v2\/media?parent=990722"}],"wp:term":[{"taxonomy":"category","embeddable":true,"href":"https:\/\/www.hcb.net\/it\/wp-json\/wp\/v2\/categories?post=990722"},{"taxonomy":"post_tag","embeddable":true,"href":"https:\/\/www.hcb.net\/it\/wp-json\/wp\/v2\/tags?post=990722"}],"curies":[{"name":"wp","href":"https:\/\/api.w.org\/{rel}","templated":true}]}}